{"id":10393,"date":"2025-03-06T14:20:34","date_gmt":"2025-03-06T12:20:34","guid":{"rendered":"https:\/\/www.skolungdom.fi\/?p=10393"},"modified":"2025-05-08T13:51:46","modified_gmt":"2025-05-08T10:51:46","slug":"pressmeddelande-unga-ropar-efter-hjalp-fss-och-fsl-uppmanar-valfardsomradena-att-prioritera-elevhalsan","status":"publish","type":"post","link":"https:\/\/www.skolungdom.fi\/en\/pressmeddelande-unga-ropar-efter-hjalp-fss-och-fsl-uppmanar-valfardsomradena-att-prioritera-elevhalsan\/","title":{"rendered":"Pressmeddelande: Unga ropar efter hj\u00e4lp &#8211; FSS och FSL uppmanar v\u00e4lf\u00e4rdsomr\u00e5dena att prioritera elevh\u00e4lsan"},"content":{"rendered":"\n<p><strong>Var fj\u00e4rde ung person uppfattar sin h\u00e4lsa som medelm\u00e5ttig eller d\u00e5lig, visar H\u00e4lsa i skolan-enk\u00e4ten fr\u00e5n 2023. Den psykiska h\u00e4lsan \u00e4r ett v\u00e4xande problem, speciellt bland flickorna. Finlands Svenska Skolungdomsf\u00f6rbund och Finlands svenska l\u00e4rarf\u00f6rbund lyfter tillsammans upp behovet av en mer tillg\u00e4nglig och j\u00e4mlik elev- och studerandev\u00e5rd p\u00e5 svenska. Vi har elever som \u00e4r i uppenbart behov av v\u00e5rd men inte f\u00e5r det, s\u00e4ger l\u00e4raren och huvudf\u00f6rtroendemannen Niclas Zweigberg i Raseborg.<\/strong><br><\/p>\n\n\n\n<p>Finlands Svenska Skolungdomsf\u00f6rbund uttrycker en stark oro \u00f6ver den \u00f6kande psykiska oh\u00e4lsan och vilka konsekvenser den bristande tillg\u00e5ngen p\u00e5 psykiskt st\u00f6d kan medf\u00f6ra. Fr\u00e5n koncentrationssv\u00e5righeter, tr\u00f6tthet och motivationsbrist i klassrummen till social isolering, konflikter och bristande sj\u00e4lvf\u00f6rtroende. Psykisk oh\u00e4lsa f\u00f6rsvagar individens m\u00f6jligheter redan fr\u00e5n en tidig \u00e5lder och kan f\u00e5 livsl\u00e5nga konsekvenser om \u00e4ndam\u00e5lsenlig v\u00e5rd inte f\u00e5s i god tid.<\/p>\n\n\n\n<blockquote class=\"wp-block-quote has-small-font-size is-layout-flow wp-block-quote-is-layout-flow\">\n<ul class=\"wp-block-list\">\n<li>Allt fler unga m\u00e5r d\u00e5ligt. Det riskerar att leda till att de blir utmattade och kan f\u00f6rlora intresse f\u00f6r utbildningen. L\u00e4get \u00e4r allvarligt och unga beh\u00f6ver akut st\u00f6d f\u00f6r att handskas med psykisk oh\u00e4lsa, s\u00e4ger Niko Partanen, ordf\u00f6rande f\u00f6r Finlands Svenska Skolungdomsf\u00f6rbund FSS.<\/li>\n<\/ul>\n<\/blockquote>\n\n\n\n<p>Det finns ett \u00f6kat behov av psykiskt st\u00f6d f\u00f6r elever och studerande i grundskolan och p\u00e5 andra stadiet. Det h\u00e4r g\u00e4ller s\u00e4rskilt elever och studerande vid svenskspr\u00e5kiga skolor, som enligt H\u00e4lsa i skolan-unders\u00f6kningen har s\u00e4mre tillg\u00e5ng till professionell hj\u00e4lp f\u00f6r sitt d\u00e5liga m\u00e5ende j\u00e4mf\u00f6rt med \u00f6vriga skolor i landet.<\/p>\n\n\n\n<blockquote class=\"wp-block-quote is-layout-flow wp-block-quote-is-layout-flow\">\n<ul class=\"wp-block-list\">\n<li>Elev- och studerandev\u00e5rden ska finnas n\u00e4ra. Vi f\u00e5r ofta h\u00f6ra av elever och studerande att det inte finns en skolpsykolog p\u00e5 plats i skolan. Det \u00e4r problematiskt att v\u00e5rdpersonalen inte finns fysiskt n\u00e4ra, eftersom det ofta inneb\u00e4r att man m\u00e5ste boka en tid och ta sig dit v\u00e5rden finns, vilket h\u00f6jer tr\u00f6skeln f\u00f6r att upps\u00f6ka v\u00e5rd. Unga k\u00e4nner en distans till v\u00e5rden och att man kastas fram och tillbaka innan man f\u00e5r den hj\u00e4lp man beh\u00f6ver, om man alls f\u00e5r den, konstaterar Partanen.<\/li>\n<\/ul>\n\n\n\n<div class=\"wp-block-group has-global-padding is-layout-constrained wp-block-group-is-layout-constrained\">\n<figure class=\"wp-block-image size-full\"><img data-dominant-color=\"5d5848\" data-has-transparency=\"false\" style=\"--dominant-color: #5d5848;\" loading=\"lazy\" decoding=\"async\" width=\"571\" height=\"452\" src=\"https:\/\/www.skolungdom.fi\/wp-content\/uploads\/2025\/03\/54180718323_dc6a47e9fd_c-1.jpg\" alt=\"\" class=\"wp-image-10400 not-transparent\" srcset=\"https:\/\/www.skolungdom.fi\/wp-content\/uploads\/2025\/03\/54180718323_dc6a47e9fd_c-1.jpg 571w, https:\/\/www.skolungdom.fi\/wp-content\/uploads\/2025\/03\/54180718323_dc6a47e9fd_c-1-300x237.jpg 300w\" sizes=\"auto, (max-width: 571px) 100vw, 571px\" \/><\/figure>\n<\/div>\n<\/blockquote>\n\n\n\n<p>THL:s utredning om studerandev\u00e5rdstj\u00e4nsterna fr\u00e5n 2024, visar att endast 53 procent av skolorna kan erbjuda \u00e4ndam\u00e5lsenliga utrymmen d\u00e4r studerandev\u00e5rden, kuratorer och psykologer kan arbeta samtidigt. Med andra ord \u00e4r tj\u00e4nsterna otillg\u00e4ngliga och avl\u00e4gsna i en stor del av skolorna, samtidigt som behovet f\u00f6r just de h\u00e4r tj\u00e4nsterna \u00f6kar.<\/p>\n\n\n\n<p><strong>Skona barn och unga fr\u00e5n sparm\u00e5l<\/strong><br><\/p>\n\n\n\n<p>Finlands svenska l\u00e4rarf\u00f6rbund delar skolungdomsf\u00f6rbundets oro \u00f6ver tillg\u00e5ngen p\u00e5 h\u00e4lsov\u00e5rdstj\u00e4nster f\u00f6r elever och studerande p\u00e5 svenska i Finland. Det h\u00e4r borde ha h\u00f6gsta prioritet inom v\u00e4lf\u00e4rdsomr\u00e5dena under den kommande mandatperioden.<br><\/p>\n\n\n\n<blockquote class=\"wp-block-quote is-layout-flow wp-block-quote-is-layout-flow\">\n<ul class=\"wp-block-list\">\n<li>I tider d\u00e5 m\u00e5nga v\u00e4lf\u00e4rdsomr\u00e5den jobbar med tuffa sparm\u00e5l m\u00e5ste vi \u00e4nd\u00e5 prioritera v\u00e5ra barn och ungas h\u00e4lsa. Kuratorer och psykologer m\u00e5ste vara en del av skolgemenskapen och finnas d\u00e4r eleverna och studerandena finns. Att f\u00e5 hj\u00e4lp i r\u00e4tt tid av bekanta och trygga vuxna \u00e4r oerh\u00f6rt viktigt och kan hindra att problemen eskalerar, s\u00e4ger Inger Damlin, ordf\u00f6rande f\u00f6r Finlands svenska l\u00e4rarf\u00f6rbund FSL.<\/li>\n<\/ul>\n<\/blockquote>\n\n\n\n<p>En bristf\u00e4llig social- och h\u00e4lsov\u00e5rd f\u00f6r barn och unga syns tydligt i skolvardagen. Det p\u00e5verkar inte bara elevernas l\u00e4rande utan tar sig i uttryck i en \u00f6kad oro i klassrummen och korridorerna.&nbsp;<\/p>\n\n\n\n<blockquote class=\"wp-block-quote is-layout-flow wp-block-quote-is-layout-flow\">\n<ul class=\"wp-block-list\">\n<li>Vi har elever som \u00e4r i uppenbart behov av v\u00e5rd men inte f\u00e5r det och som l\u00e4rare upplever du en hj\u00e4lpl\u00f6shet h\u00e4r. Vi improviserar och f\u00f6rs\u00f6ker skr\u00e4ddarsy skolvardagen s\u00e5 gott det g\u00e5r men det \u00e4r inte h\u00e5llbart. De h\u00e4r problemen \u00e4ter dessutom en hel del resurser som \u00e4r t\u00e4nkta f\u00f6r st\u00f6d f\u00f6r l\u00e4rande, s\u00e4ger Niclas Zweigberg, huvudf\u00f6rtroendeman i Raseborg.<\/li>\n<\/ul>\n<\/blockquote>\n\n\n\n<p><strong>F\u00f6rb\u00e4ttra f\u00f6ruts\u00e4ttningar f\u00f6r skolpsykologerna<\/strong><br><\/p>\n\n\n\n<p>Det \u00e4r inte skolans uppgift att t\u00e4ppa till luckor p\u00e5 de omr\u00e5den d\u00e4r v\u00e4lf\u00e4rdsomr\u00e5dena misslyckas. Det m\u00e5ste finnas tillr\u00e4ckligt med personal inom social- och h\u00e4lsov\u00e5rden som med sin kompetens kan hj\u00e4lpa med de problem som m\u00e5nga unga tampas med idag.<br><\/p>\n\n\n\n<p>FSS och FSL f\u00f6ruts\u00e4tter att den oj\u00e4mlika tillg\u00e5ngen p\u00e5 psykologer och kuratorer korrigeras.<br><\/p>\n\n\n\n<blockquote class=\"wp-block-quote is-layout-flow wp-block-quote-is-layout-flow\">\n<ul class=\"wp-block-list\">\n<li>Tillr\u00e4ckligt med kompetent personal \u00e4r j\u00e4tteviktigt och v\u00e4lf\u00e4rdsomr\u00e5dena m\u00e5ste kunna garantera lika bra v\u00e5rd p\u00e5 svenska. Det duger inte att skylla ifr\u00e5n sig och h\u00e4nvisa till f\u00f6r f\u00e5 s\u00f6kande till tj\u00e4nsterna. Man m\u00e5ste f\u00f6rb\u00e4ttra f\u00f6ruts\u00e4ttningarna f\u00f6r till exempel skolpsykologerna och d\u00e4r \u00e4r fr\u00e5gan om arbetsb\u00f6rda och dimensioneringen central, s\u00e4ger Damlin.\u00a0<\/li>\n<\/ul>\n\n\n\n<figure class=\"wp-block-image size-large is-resized\"><img loading=\"lazy\" decoding=\"async\" width=\"1024\" height=\"683\" src=\"https:\/\/www.skolungdom.fi\/wp-content\/uploads\/2025\/03\/1555-1024x683.jpg\" alt=\"\" class=\"wp-image-10403\" style=\"width:566px;height:auto\" srcset=\"https:\/\/www.skolungdom.fi\/wp-content\/uploads\/2025\/03\/1555-1024x683.jpg 1024w, https:\/\/www.skolungdom.fi\/wp-content\/uploads\/2025\/03\/1555-300x200.jpg 300w, https:\/\/www.skolungdom.fi\/wp-content\/uploads\/2025\/03\/1555-768x512.jpg 768w\" sizes=\"auto, (max-width: 1024px) 100vw, 1024px\" \/><\/figure>\n\n\n\n<p><strong>Till\u00e4ggsinformation:<\/strong><\/p>\n\n\n\n<p>Finlands Svenska Skolungdomsf\u00f6rbunds ordf\u00f6rande (FSS)<br>niko.partanen@skolungdom.fi<br>0503227715<br><br>Finlands svenska l\u00e4rarf\u00f6rbunds ordf\u00f6rande (FSL)<br>inger.damlin@fsl.fi<br>0400897300<\/p>\n\n\n\n<p><\/p>\n<\/blockquote>\n\n\n\n<div class=\"wp-block-columns is-layout-flex wp-container-core-columns-is-layout-28f84493 wp-block-columns-is-layout-flex\">\n<div class=\"wp-block-column is-layout-flow wp-block-column-is-layout-flow\" style=\"flex-basis:100%\">\n<figure class=\"wp-block-image aligncenter size-full is-resized\"><img data-dominant-color=\"fcf0f3\" data-has-transparency=\"true\" loading=\"lazy\" decoding=\"async\" width=\"716\" height=\"172\" src=\"https:\/\/www.skolungdom.fi\/wp-content\/uploads\/2025\/03\/Skarmbild-2025-03-06-141251.png\" alt=\"\" class=\"wp-image-10397 has-transparency\" style=\"--dominant-color: #fcf0f3; width:520px;height:auto\" srcset=\"https:\/\/www.skolungdom.fi\/wp-content\/uploads\/2025\/03\/Skarmbild-2025-03-06-141251.png 716w, https:\/\/www.skolungdom.fi\/wp-content\/uploads\/2025\/03\/Skarmbild-2025-03-06-141251-300x72.png 300w\" sizes=\"auto, (max-width: 716px) 100vw, 716px\" \/><\/figure>\n<\/div>\n<\/div>\n\n\n\n<p><\/p>\n","protected":false},"excerpt":{"rendered":"<p>Var fj\u00e4rde ung person uppfattar sin h\u00e4lsa som medelm\u00e5ttig eller d\u00e5lig, visar H\u00e4lsa i skolan-enk\u00e4ten fr\u00e5n 2023. Den psykiska h\u00e4lsan \u00e4r ett v\u00e4xande problem, speciellt bland flickorna. Finlands Svenska Skolungdomsf\u00f6rbund [&hellip;]<\/p>\n","protected":false},"author":5,"featured_media":7906,"comment_status":"closed","ping_status":"closed","sticky":false,"template":"","format":"standard","meta":{"_uag_custom_page_level_css":"","_EventAllDay":false,"_EventTimezone":"","_EventStartDate":"","_EventEndDate":"","_EventStartDateUTC":"","_EventEndDateUTC":"","_EventShowMap":false,"_EventShowMapLink":false,"_EventURL":"","_EventCost":"","_EventCostDescription":"","_EventCurrencySymbol":"","_EventCurrencyCode":"","_EventCurrencyPosition":"","_EventDateTimeSeparator":"","_EventTimeRangeSeparator":"","_EventOrganizerID":[],"_EventVenueID":[],"_OrganizerEmail":"","_OrganizerPhone":"","_OrganizerWebsite":"","_VenueAddress":"","_VenueCity":"","_VenueCountry":"","_VenueProvince":"","_VenueState":"","_VenueZip":"","_VenuePhone":"","_VenueURL":"","_VenueStateProvince":"","_VenueLat":"","_VenueLng":"","_VenueShowMap":false,"_VenueShowMapLink":false,"footnotes":""},"categories":[705],"tags":[730,732],"class_list":["post-10393","post","type-post","status-publish","format-standard","has-post-thumbnail","hentry","category-just-nu","tag-pressmeddelande","tag-val"],"uagb_featured_image_src":{"full":["https:\/\/www.skolungdom.fi\/wp-content\/uploads\/2024\/06\/52919850888_311a0f7505_k-2.jpg",1333,2000,false],"thumbnail":["https:\/\/www.skolungdom.fi\/wp-content\/uploads\/2024\/06\/52919850888_311a0f7505_k-2-150x150.jpg",150,150,true],"medium":["https:\/\/www.skolungdom.fi\/wp-content\/uploads\/2024\/06\/52919850888_311a0f7505_k-2-200x300.jpg",200,300,true],"medium_large":["https:\/\/www.skolungdom.fi\/wp-content\/uploads\/2024\/06\/52919850888_311a0f7505_k-2-768x1152.jpg",768,1152,true],"large":["https:\/\/www.skolungdom.fi\/wp-content\/uploads\/2024\/06\/52919850888_311a0f7505_k-2-682x1024.jpg",682,1024,true],"1536x1536":["https:\/\/www.skolungdom.fi\/wp-content\/uploads\/2024\/06\/52919850888_311a0f7505_k-2-1024x1536.jpg",1024,1536,true],"2048x2048":["https:\/\/www.skolungdom.fi\/wp-content\/uploads\/2024\/06\/52919850888_311a0f7505_k-2.jpg",1333,2000,false],"mailpoet_newsletter_max":["https:\/\/www.skolungdom.fi\/wp-content\/uploads\/2024\/06\/52919850888_311a0f7505_k-2-1320x1980.jpg",1320,1980,true]},"uagb_author_info":{"display_name":"Niko Partanen","author_link":"https:\/\/www.skolungdom.fi\/en\/author\/nikopartanen\/"},"uagb_comment_info":0,"uagb_excerpt":"Var fj\u00e4rde ung person uppfattar sin h\u00e4lsa som medelm\u00e5ttig eller d\u00e5lig, visar H\u00e4lsa i skolan-enk\u00e4ten fr\u00e5n 2023. Den psykiska h\u00e4lsan \u00e4r ett v\u00e4xande problem, speciellt bland flickorna. Finlands Svenska Skolungdomsf\u00f6rbund [&hellip;]","_links":{"self":[{"href":"https:\/\/www.skolungdom.fi\/en\/wp-json\/wp\/v2\/posts\/10393","targetHints":{"allow":["GET"]}}],"collection":[{"href":"https:\/\/www.skolungdom.fi\/en\/wp-json\/wp\/v2\/posts"}],"about":[{"href":"https:\/\/www.skolungdom.fi\/en\/wp-json\/wp\/v2\/types\/post"}],"author":[{"embeddable":true,"href":"https:\/\/www.skolungdom.fi\/en\/wp-json\/wp\/v2\/users\/5"}],"replies":[{"embeddable":true,"href":"https:\/\/www.skolungdom.fi\/en\/wp-json\/wp\/v2\/comments?post=10393"}],"version-history":[{"count":1,"href":"https:\/\/www.skolungdom.fi\/en\/wp-json\/wp\/v2\/posts\/10393\/revisions"}],"predecessor-version":[{"id":10406,"href":"https:\/\/www.skolungdom.fi\/en\/wp-json\/wp\/v2\/posts\/10393\/revisions\/10406"}],"wp:featuredmedia":[{"embeddable":true,"href":"https:\/\/www.skolungdom.fi\/en\/wp-json\/wp\/v2\/media\/7906"}],"wp:attachment":[{"href":"https:\/\/www.skolungdom.fi\/en\/wp-json\/wp\/v2\/media?parent=10393"}],"wp:term":[{"taxonomy":"category","embeddable":true,"href":"https:\/\/www.skolungdom.fi\/en\/wp-json\/wp\/v2\/categories?post=10393"},{"taxonomy":"post_tag","embeddable":true,"href":"https:\/\/www.skolungdom.fi\/en\/wp-json\/wp\/v2\/tags?post=10393"}],"curies":[{"name":"wp","href":"https:\/\/api.w.org\/{rel}","templated":true}]}}