{"id":10748,"date":"2025-06-18T19:51:22","date_gmt":"2025-06-18T16:51:22","guid":{"rendered":"https:\/\/www.skolungdom.fi\/?p=10748"},"modified":"2025-06-18T19:51:23","modified_gmt":"2025-06-18T16:51:23","slug":"pressmeddelande-fss-ryter-till-om-mobilforbud-pa-rasterna","status":"publish","type":"post","link":"https:\/\/www.skolungdom.fi\/en\/pressmeddelande-fss-ryter-till-om-mobilforbud-pa-rasterna\/","title":{"rendered":"Pressmeddelande: FSS ryter till om mobilf\u00f6rbud p\u00e5 rasterna"},"content":{"rendered":"\n<p>Finlands Svenska Skolungdomsf\u00f6rbund FSS rf st\u00e4ller sig kritiskt till planerna p\u00e5 att inf\u00f6ra mobilf\u00f6rbud under skolrasterna. \u2013 \u00c4r inte begr\u00e4nsningarna redan tillr\u00e4ckliga? \u201cDet h\u00e4r k\u00e4nns som ett pl\u00e5ster p\u00e5 ett mycket st\u00f6rre s\u00e5r\u201d, s\u00e4ger Niko Partanen, f\u00f6rbundsordf\u00f6rande 2024\u20132025.<\/p>\n\n\n\n<p>I augusti tr\u00e4der en ny lag i kraft som ger skolor m\u00f6jlighet att sj\u00e4lva best\u00e4mma sina regler kring mobilanv\u00e4ndning \u2013 \u00e4ven under raster och matpauser. FSS ser positivt p\u00e5 att skolorna ges frihet att v\u00e4lja sin v\u00e4g, men betonar samtidigt att elever, s\u00e4rskilt i \u00e5rskurs 7\u20139, b\u00f6r ha r\u00e4tt att anv\u00e4nda mobilen under rasterna.<\/p>\n\n\n\n<p>Flera kommuner, d\u00e4ribland Lojo och Helsingfors, har redan meddelat att mobilf\u00f6rbud kommer g\u00e4lla \u00e4ven p\u00e5 rasterna. FSS:s nuvarande ordf\u00f6rande Niko Partanen och Mar Porres, ordf\u00f6rande f\u00f6r perioden 2025\u20132026, ser utvecklingen som ett m\u00e4rkligt f\u00f6rs\u00f6k fr\u00e5n beslutsfattarna att f\u00f6renkla en komplex situation.<\/p>\n\n\n\n<p>\u201cD\u00e5 kan vi lika bra ta telefonerna bort fr\u00e5n vuxna ocks\u00e5 under deras kafferaster. Det k\u00e4nns lite l\u00f6jligt.\u201d Ungdomar f\u00e5r redan nog med begr\u00e4nsningar som det \u00e4r, s\u00e4ger Partanen.<\/p>\n\n\n\n<p><strong>Rasterna \u00e4r elevernas frihet \u2013 l\u00e5t dem f\u00e5 v\u00e4lja sj\u00e4lva<\/strong><\/p>\n\n\n\n<p>FSS p\u00e5minner om att rasterna \u00e4r elevernas och studerandenas pauser under skoldagen \u2013 inte l\u00e4rarledd verksamhet \u2013 och att elever sj\u00e4lva ska f\u00e5 avg\u00f6ra hur de anv\u00e4nder den tiden. Mobilanv\u00e4ndning \u00e4r f\u00f6r m\u00e5nga ett s\u00e4tt att koppla av, k\u00e4nna trygghet eller h\u00e5lla kontakt med v\u00e4nner och familj.<\/p>\n\n\n\n<p>\u201cEtt mobilf\u00f6rbud kommer inte att l\u00f6sa problemen med psykisk oh\u00e4lsa bland unga. Vi m\u00e5ste v\u00e5ga prata om orsakerna i st\u00e4llet f\u00f6r att jaga symptomen\u201d, s\u00e4ger Mar Porres.<\/p>\n\n\n\n<p>FSS har f\u00f6rst\u00e5else f\u00f6r att mobiltelefoner kan st\u00f6ra undervisningen under lektionstid, men p\u00e5pekar att pauser inte \u00e4r till f\u00f6r koncentration \u2013 utan f\u00f6r \u00e5terh\u00e4mtning. Det \u00e4r dags att t\u00e4nka i nya, modernare v\u00e4gar.<\/p>\n\n\n\n<p>I st\u00e4llet f\u00f6r f\u00f6rbud f\u00f6resl\u00e5r FSS att skolor ska satsa mer p\u00e5 rastverksamhet, aktiviteter och trygga rum som kan locka elever bort fr\u00e5n sk\u00e4rmarna p\u00e5 ett naturligt s\u00e4tt. Det handlar om att ge alternativ \u2013 inte om att f\u00f6rbjuda.<\/p>\n\n\n\n<p>Mobilfr\u00e5gan \u00e4r \u00e5terkommande under FSS:s skolbes\u00f6k, och tong\u00e5ngarna \u00e4r tydliga: eleverna sj\u00e4lva vill inte ha ett mobilf\u00f6rbud p\u00e5 rasterna. Trots detta har elevernas perspektiv knappt synts till i diskussionen.<\/p>\n\n\n\n<p>\u2013 Det \u00e4r beklagligt att eleverna inte bjudits in till bords i en fr\u00e5ga som r\u00f6r deras vardag s\u00e5 direkt. Vi uppmanar beslutsfattare speciellt i kommuner och skolor att lyssna mer p\u00e5 dem det faktiskt handlar om, avslutar Partanen.<\/p>\n\n\n\n<div class=\"wp-block-uagb-separator uagb-block-97657d66\"><div class=\"wp-block-uagb-separator__inner\" style=\"--my-background-image:\"><\/div><\/div>\n\n\n\n<p><strong>Till\u00e4ggsinformation:<\/strong><\/p>\n\n\n\n<p>Niko Partanen, f\u00f6rbundsordf\u00f6rande 2024-2025<\/p>\n\n\n\n<p>Mar Porres, f\u00f6rbundsordf\u00f6rande 2025-2026<\/p>\n\n\n\n<p><\/p>\n","protected":false},"excerpt":{"rendered":"<p>Finlands Svenska Skolungdomsf\u00f6rbund FSS rf st\u00e4ller sig kritiskt till planerna p\u00e5 att inf\u00f6ra mobilf\u00f6rbud under skolrasterna. \u2013 \u00c4r inte begr\u00e4nsningarna redan tillr\u00e4ckliga? \u201cDet h\u00e4r k\u00e4nns som ett pl\u00e5ster p\u00e5 ett [&hellip;]<\/p>\n","protected":false},"author":8,"featured_media":10744,"comment_status":"closed","ping_status":"closed","sticky":false,"template":"","format":"standard","meta":{"_uag_custom_page_level_css":"","_EventAllDay":false,"_EventTimezone":"","_EventStartDate":"","_EventEndDate":"","_EventStartDateUTC":"","_EventEndDateUTC":"","_EventShowMap":false,"_EventShowMapLink":false,"_EventURL":"","_EventCost":"","_EventCostDescription":"","_EventCurrencySymbol":"","_EventCurrencyCode":"","_EventCurrencyPosition":"","_EventDateTimeSeparator":"","_EventTimeRangeSeparator":"","_EventOrganizerID":[],"_EventVenueID":[],"_OrganizerEmail":"","_OrganizerPhone":"","_OrganizerWebsite":"","_VenueAddress":"","_VenueCity":"","_VenueCountry":"","_VenueProvince":"","_VenueState":"","_VenueZip":"","_VenuePhone":"","_VenueURL":"","_VenueStateProvince":"","_VenueLat":"","_VenueLng":"","_VenueShowMap":false,"_VenueShowMapLink":false,"footnotes":""},"categories":[107,108],"tags":[725,730],"class_list":["post-10748","post","type-post","status-publish","format-standard","has-post-thumbnail","hentry","category-aktuellt","category-pressmeddelande","tag-aktuellt","tag-pressmeddelande"],"uagb_featured_image_src":{"full":["https:\/\/www.skolungdom.fi\/wp-content\/uploads\/2025\/06\/jonas-leupe-wK-elt11pF0-unsplash-scaled.jpg",2560,1707,false],"thumbnail":["https:\/\/www.skolungdom.fi\/wp-content\/uploads\/2025\/06\/jonas-leupe-wK-elt11pF0-unsplash-150x150.jpg",150,150,true],"medium":["https:\/\/www.skolungdom.fi\/wp-content\/uploads\/2025\/06\/jonas-leupe-wK-elt11pF0-unsplash-300x200.jpg",300,200,true],"medium_large":["https:\/\/www.skolungdom.fi\/wp-content\/uploads\/2025\/06\/jonas-leupe-wK-elt11pF0-unsplash-768x512.jpg",768,512,true],"large":["https:\/\/www.skolungdom.fi\/wp-content\/uploads\/2025\/06\/jonas-leupe-wK-elt11pF0-unsplash-1024x683.jpg",1024,683,true],"1536x1536":["https:\/\/www.skolungdom.fi\/wp-content\/uploads\/2025\/06\/jonas-leupe-wK-elt11pF0-unsplash-scaled.jpg",1536,1024,false],"2048x2048":["https:\/\/www.skolungdom.fi\/wp-content\/uploads\/2025\/06\/jonas-leupe-wK-elt11pF0-unsplash-scaled.jpg",2048,1366,false],"mailpoet_newsletter_max":["https:\/\/www.skolungdom.fi\/wp-content\/uploads\/2025\/06\/jonas-leupe-wK-elt11pF0-unsplash-scaled.jpg",1320,880,false]},"uagb_author_info":{"display_name":"Mar Porres","author_link":"https:\/\/www.skolungdom.fi\/en\/author\/mar-porres\/"},"uagb_comment_info":0,"uagb_excerpt":"Finlands Svenska Skolungdomsf\u00f6rbund FSS rf st\u00e4ller sig kritiskt till planerna p\u00e5 att inf\u00f6ra mobilf\u00f6rbud under skolrasterna. \u2013 \u00c4r inte begr\u00e4nsningarna redan tillr\u00e4ckliga? \u201cDet h\u00e4r k\u00e4nns som ett pl\u00e5ster p\u00e5 ett [&hellip;]","_links":{"self":[{"href":"https:\/\/www.skolungdom.fi\/en\/wp-json\/wp\/v2\/posts\/10748","targetHints":{"allow":["GET"]}}],"collection":[{"href":"https:\/\/www.skolungdom.fi\/en\/wp-json\/wp\/v2\/posts"}],"about":[{"href":"https:\/\/www.skolungdom.fi\/en\/wp-json\/wp\/v2\/types\/post"}],"author":[{"embeddable":true,"href":"https:\/\/www.skolungdom.fi\/en\/wp-json\/wp\/v2\/users\/8"}],"replies":[{"embeddable":true,"href":"https:\/\/www.skolungdom.fi\/en\/wp-json\/wp\/v2\/comments?post=10748"}],"version-history":[{"count":1,"href":"https:\/\/www.skolungdom.fi\/en\/wp-json\/wp\/v2\/posts\/10748\/revisions"}],"predecessor-version":[{"id":10749,"href":"https:\/\/www.skolungdom.fi\/en\/wp-json\/wp\/v2\/posts\/10748\/revisions\/10749"}],"wp:featuredmedia":[{"embeddable":true,"href":"https:\/\/www.skolungdom.fi\/en\/wp-json\/wp\/v2\/media\/10744"}],"wp:attachment":[{"href":"https:\/\/www.skolungdom.fi\/en\/wp-json\/wp\/v2\/media?parent=10748"}],"wp:term":[{"taxonomy":"category","embeddable":true,"href":"https:\/\/www.skolungdom.fi\/en\/wp-json\/wp\/v2\/categories?post=10748"},{"taxonomy":"post_tag","embeddable":true,"href":"https:\/\/www.skolungdom.fi\/en\/wp-json\/wp\/v2\/tags?post=10748"}],"curies":[{"name":"wp","href":"https:\/\/api.w.org\/{rel}","templated":true}]}}