{"id":5509,"date":"2022-05-15T13:47:26","date_gmt":"2022-05-15T10:47:26","guid":{"rendered":"https:\/\/skolungdom.fi\/?p=5509"},"modified":"2022-05-15T13:47:26","modified_gmt":"2022-05-15T10:47:26","slug":"resolution-for-elevriksdagen-2022","status":"publish","type":"post","link":"https:\/\/www.skolungdom.fi\/en\/resolution-for-elevriksdagen-2022\/","title":{"rendered":"Resolution f\u00f6r Elevriksdagen 2022"},"content":{"rendered":"\n<p>\u00c5rligen sammankommer elever och studeranden fr\u00e5n alla delar av Svenskfinland till Elevriksdagen ERIK, som \u00e4r Finlands Svenska Skolungdomsf\u00f6rbund FSS rf:s \u00e5rsm\u00f6te och h\u00f6gsta beslutande organ. Under helgen 13-15.5.2022 samlades FSS till Elevriksdag p\u00e5 Kimito\u00f6n och p\u00e5 \u00e5rsm\u00f6tet diskuterades bland annat f\u00f6rbundets politiska program och likabehandlingsplan, verksamhetsplanen f\u00f6r det kommande verksamhets\u00e5ret fastst\u00e4lldes och det valdes en ny ordf\u00f6rande och f\u00f6rbundsstyrelse f\u00f6r f\u00f6rbundet.&nbsp;<\/p>\n\n\n\n<p>ERIK inleddes med h\u00e4lsningar fr\u00e5n bland annat justitieminister Anna-Maja Henriksson, utbildningsminister Li Andersson, riksdagsledam\u00f6terna Anders Adlercreutz, Mats L\u00f6fstr\u00f6m och Eva Biaudet samt L\u00e4rarf\u00f6rbundets representant Christoffer Sourander.<\/p>\n\n\n\n<p>Under det politiska programmet debatterade \u00e5rsm\u00f6tets delegater att r\u00f6str\u00e4tts\u00e5ldern borde s\u00e4nkas till 16 \u00e5r, att kostnadsfri frukost borde erbjudas i alla skolor och att konst- och f\u00e4rdighets\u00e4mnen b\u00f6r f\u00f6rbli obligatoriska i gymnasiet.<\/p>\n\n\n\n<p>Av de inkomna motionerna och propositionerna godk\u00e4nde Elevriksdagen bland annat \u201cErk\u00e4nnande av kompetens utanf\u00f6r skolan\u201d, \u201cInformationsbrist om hur man som elev kan p\u00e5verka studierna\u201d och \u201cLugna rum beh\u00f6vs\u201d.<\/p>\n\n\n\n<p>Under veckoslutet valde Elevriksdagen \u00e4ven en ny f\u00f6rbundsstyrelse. Cecilia Huhtala, 18 \u00e5r, fr\u00e5n Petalax valdes till f\u00f6rbundsordf\u00f6rande.<\/p>\n\n\n\n<p>\u201cFSS \u00e4r som en familj f\u00f6r mig och det \u00e4r en stor \u00e4ra att f\u00e5 fungera som f\u00f6rbundets ordf\u00f6rande. Jag ser fram emot verksamhets\u00e5ret och hoppas p\u00e5 att skolturn\u00e9er och evenemang \u00e4r m\u00f6jliga\u201d, s\u00e4ger den nyvalde f\u00f6rbundsordf\u00f6randen Cecilia Huhtala.&nbsp;<\/p>\n\n\n\n<p>Till f\u00f6rbundets f\u00f6rsta vice ordf\u00f6rande valdes Matilda Westerlund (18 \u00e5r, Esbo) och till andra vice ordf\u00f6rande valdes Emma Nyg\u00e5rd (17 \u00e5r, N\u00e4rpes). Till styrelsemedlemmar valdes Tilda Cederberg (17 \u00e5r, Jakobstad), Dominic Hamro (15 \u00e5r, Helsingfors), Isak Henricson (16 \u00e5r, Jakobstad), Niko Partanen (16 \u00e5r, Helsingfors), Joanna Slama (18 \u00e5r, Lundo) och Linn Snickars (17 \u00e5r, N\u00e4rpes).<\/p>\n\n\n\n<p>I verksamhetsplanen fastst\u00e4lldes att f\u00f6rbundet vill satsa mera p\u00e5 skolbes\u00f6k, sexualundervisning och ungas v\u00e4lm\u00e5ende. FSS vill forts\u00e4tta vara ungas spr\u00e5kr\u00f6r i samh\u00e4llsdebatten och v\u00e4rna om ungas r\u00e4ttigheter och p\u00e5verkningsm\u00f6jligheter.<\/p>\n\n\n\n<p>Till\u00e4ggsinformation ges av:<\/p>\n\n\n\n<p>Cecilia Huhtala<\/p>\n\n\n\n<p>F\u00f6rbundsordf\u00f6rande<\/p>\n\n\n\n<p>044 980 7553<\/p>\n\n\n\n<p><a>cecilia.huhtala@skolungdom.fi<\/a><\/p>\n","protected":false},"excerpt":{"rendered":"<p>\u00c5rligen sammankommer elever och studeranden fr\u00e5n alla delar av Svenskfinland till Elevriksdagen ERIK, som \u00e4r Finlands Svenska Skolungdomsf\u00f6rbund FSS rf:s \u00e5rsm\u00f6te och h\u00f6gsta beslutande organ. Under helgen 13-15.5.2022 samlades FSS [&hellip;]<\/p>\n","protected":false},"author":2,"featured_media":5510,"comment_status":"closed","ping_status":"open","sticky":false,"template":"","format":"standard","meta":{"_uag_custom_page_level_css":"","_EventAllDay":false,"_EventTimezone":"","_EventStartDate":"","_EventEndDate":"","_EventStartDateUTC":"","_EventEndDateUTC":"","_EventShowMap":false,"_EventShowMapLink":false,"_EventURL":"","_EventCost":"","_EventCostDescription":"","_EventCurrencySymbol":"","_EventCurrencyCode":"","_EventCurrencyPosition":"","_EventDateTimeSeparator":"","_EventTimeRangeSeparator":"","_EventOrganizerID":[],"_EventVenueID":[],"_OrganizerEmail":"","_OrganizerPhone":"","_OrganizerWebsite":"","_VenueAddress":"","_VenueCity":"","_VenueCountry":"","_VenueProvince":"","_VenueState":"","_VenueZip":"","_VenuePhone":"","_VenueURL":"","_VenueStateProvince":"","_VenueLat":"","_VenueLng":"","_VenueShowMap":false,"_VenueShowMapLink":false,"footnotes":""},"categories":[107,108],"tags":[],"class_list":["post-5509","post","type-post","status-publish","format-standard","has-post-thumbnail","hentry","category-aktuellt","category-pressmeddelande"],"uagb_featured_image_src":{"full":["https:\/\/www.skolungdom.fi\/wp-content\/uploads\/2022\/05\/Yannika_Ronnqvist_Styrelsekandidater-11-scaled-1.jpg",2560,1707,false],"thumbnail":["https:\/\/www.skolungdom.fi\/wp-content\/uploads\/2022\/05\/Yannika_Ronnqvist_Styrelsekandidater-11-scaled-1-150x150.jpg",150,150,true],"medium":["https:\/\/www.skolungdom.fi\/wp-content\/uploads\/2022\/05\/Yannika_Ronnqvist_Styrelsekandidater-11-scaled-1-300x200.jpg",300,200,true],"medium_large":["https:\/\/www.skolungdom.fi\/wp-content\/uploads\/2022\/05\/Yannika_Ronnqvist_Styrelsekandidater-11-scaled-1-768x512.jpg",768,512,true],"large":["https:\/\/www.skolungdom.fi\/wp-content\/uploads\/2022\/05\/Yannika_Ronnqvist_Styrelsekandidater-11-scaled-1-1024x683.jpg",1024,683,true],"1536x1536":["https:\/\/www.skolungdom.fi\/wp-content\/uploads\/2022\/05\/Yannika_Ronnqvist_Styrelsekandidater-11-scaled-1-1536x1024.jpg",1536,1024,true],"2048x2048":["https:\/\/www.skolungdom.fi\/wp-content\/uploads\/2022\/05\/Yannika_Ronnqvist_Styrelsekandidater-11-scaled-1-2048x1366.jpg",2048,1366,true],"mailpoet_newsletter_max":["https:\/\/www.skolungdom.fi\/wp-content\/uploads\/2022\/05\/Yannika_Ronnqvist_Styrelsekandidater-11-scaled-1-1320x880.jpg",1320,880,true]},"uagb_author_info":{"display_name":"Skolungdom","author_link":"https:\/\/www.skolungdom.fi\/en\/author\/skolungdom\/"},"uagb_comment_info":0,"uagb_excerpt":"\u00c5rligen sammankommer elever och studeranden fr\u00e5n alla delar av Svenskfinland till Elevriksdagen ERIK, som \u00e4r Finlands Svenska Skolungdomsf\u00f6rbund FSS rf:s \u00e5rsm\u00f6te och h\u00f6gsta beslutande organ. Under helgen 13-15.5.2022 samlades FSS [&hellip;]","_links":{"self":[{"href":"https:\/\/www.skolungdom.fi\/en\/wp-json\/wp\/v2\/posts\/5509","targetHints":{"allow":["GET"]}}],"collection":[{"href":"https:\/\/www.skolungdom.fi\/en\/wp-json\/wp\/v2\/posts"}],"about":[{"href":"https:\/\/www.skolungdom.fi\/en\/wp-json\/wp\/v2\/types\/post"}],"author":[{"embeddable":true,"href":"https:\/\/www.skolungdom.fi\/en\/wp-json\/wp\/v2\/users\/2"}],"replies":[{"embeddable":true,"href":"https:\/\/www.skolungdom.fi\/en\/wp-json\/wp\/v2\/comments?post=5509"}],"version-history":[{"count":0,"href":"https:\/\/www.skolungdom.fi\/en\/wp-json\/wp\/v2\/posts\/5509\/revisions"}],"wp:featuredmedia":[{"embeddable":true,"href":"https:\/\/www.skolungdom.fi\/en\/wp-json\/wp\/v2\/media\/5510"}],"wp:attachment":[{"href":"https:\/\/www.skolungdom.fi\/en\/wp-json\/wp\/v2\/media?parent=5509"}],"wp:term":[{"taxonomy":"category","embeddable":true,"href":"https:\/\/www.skolungdom.fi\/en\/wp-json\/wp\/v2\/categories?post=5509"},{"taxonomy":"post_tag","embeddable":true,"href":"https:\/\/www.skolungdom.fi\/en\/wp-json\/wp\/v2\/tags?post=5509"}],"curies":[{"name":"wp","href":"https:\/\/api.w.org\/{rel}","templated":true}]}}