{"id":5867,"date":"2022-12-16T13:42:51","date_gmt":"2022-12-16T11:42:51","guid":{"rendered":"https:\/\/skolungdom.fi\/?p=5867"},"modified":"2022-12-16T13:42:51","modified_gmt":"2022-12-16T11:42:51","slug":"cecilia-huhtalas-tal-till-lucia","status":"publish","type":"post","link":"https:\/\/www.skolungdom.fi\/en\/cecilia-huhtalas-tal-till-lucia\/","title":{"rendered":"Cecilia Huhtalas kr\u00f6ningstal till Lucia"},"content":{"rendered":"\n<p>F\u00f6rbundsordf\u00f6rande Cecilia Huhtala fick \u00e4ran att kr\u00f6na Finlands Lucia 2022, Wilma Gr\u00f6nqvist i Helsingfors domkyrka den 13:e december. Nedan kan du l\u00e4sa hennes kr\u00f6ningstal d\u00e4r hon lyfter fram de oroliga tider som vi lever i samt hennes personliga koppling till luciainsamligen och FamiljeKraftl\u00e4gren.<\/p>\n\n\n\n<div style=\"height:32px\" aria-hidden=\"true\" class=\"wp-block-spacer\"><\/div>\n\n\n\n<p>B\u00e4sta f\u00f6rsamling, k\u00e4ra Wilma<\/p>\n\n\n\n<p>Det ivriga ljuset tr\u00e4nger sig fram&nbsp;<br>Var m\u00e4nniska \u00e4r en halv\u00f6ppen d\u00f6rr&nbsp;<br>som leder till ett rum f\u00f6r alla.<\/p>\n\n\n\n<p>Det h\u00e4r skriver poeten Tomas Transtr\u00f6mer i sin dikt \u201cden halvf\u00e4rdiga mannen\u201d<\/p>\n\n\n\n<p>Ett m\u00f6rker har lagt sig \u00f6ver v\u00e4rlden. Vi lever i oroliga tider och sj\u00e4lv ser jag mest hur det p\u00e5verkar unga. Jag ser unga vars skolg\u00e5ng f\u00f6rsv\u00e5rats av pandemin, jag ser ett st\u00e4ndigt \u00f6kande antal v\u00e4nner som lider av psykisk oh\u00e4lsa, och jag ser barn som beh\u00f6ver fly sina heml\u00e4nder p\u00e5 grund av krig. Och under dessa m\u00f6rka tider, som inte bara beror p\u00e5 v\u00e5r finska vinter, k\u00e4nns det som att tunneln till ljuset bara blir l\u00e4ngre och l\u00e4ngre.<\/p>\n\n\n\n<p>Men, jag ser ocks\u00e5 att det finns hopp f\u00f6r en tryggare v\u00e4rld och en ljusare framtid! Transtr\u00f6mer skriver att det finns en halv\u00f6ppen d\u00f6rr inom oss alla och jag k\u00e4nner att dom d\u00f6rrarna kan \u00f6ppna sig via gemenskap. D\u00e4rf\u00f6r gl\u00e4der det mig att se vilken gemenskap lucia-traditionen skapar, fr\u00e5n syskonskaror som lussar tillsammans f\u00f6r familjen, och luciak\u00f6ren som f\u00f6renas kring musiken, till alla oss som har samlats h\u00e4r ikv\u00e4ll.&nbsp;<\/p>\n\n\n\n<p>I \u00e5r \u00e4r luciainsamlingen extra viktig eftersom familjer i redan sv\u00e5ra situationer \u00e4r dom som p\u00e5verkas mest.<\/p>\n\n\n\n<p>FamiljeKraftl\u00e4gren som pengarna fr\u00e5n luciainsamlingen g\u00e5r till har jag och min familj deltagit i ett flertal g\u00e5nger. Jag kommer fr\u00e5n en orolig familj som pr\u00e4glats av missbruk, psykisk oh\u00e4lsa och ekonomiska sv\u00e5righeter. L\u00e4gren som Folkh\u00e4lsan ordnar gjorde att vi barn fick sl\u00e4ppa det stora ansvaret vi k\u00e4nde hemma. Samtidigt som v\u00e5ra f\u00f6r\u00e4ldrar fick slappna av i n\u00e5gra dagar. Luciainsamlingen sitter d\u00e4rf\u00f6r extra n\u00e4ra mitt hj\u00e4rta och jag \u00e4r s\u00e5 tacksam att dessa l\u00e4ger \u00e4nnu ordnas.&nbsp;<\/p>\n\n\n\n<p>Vi p\u00e5 Finlands Svenska Skolungdomsf\u00f6rbund arbetar aktivt f\u00f6r att skapa en b\u00e4ttre framtid och att lyfta ungas r\u00f6st i samh\u00e4llet. Vi f\u00f6rs\u00f6ker ocks\u00e5 skapa en gemenskap som sprider hopp. S\u00e5 som ordf\u00f6rande f\u00f6r FSS \u00e4r jag oerh\u00f6rt tacksam \u00f6ver att i \u00e5r f\u00e5 kr\u00f6na Finlands lucia.&nbsp;<\/p>\n\n\n\n<p>B\u00e4sta Wilma, jag vill \u00f6nska dig och dina t\u00e4rnor ett stort lycka till i ert uppdrag med att sprida ljus och hopp.&nbsp; Jag vill ocks\u00e5 tacka alla som har deltagit i insamlingen och p\u00e5 s\u00e5 s\u00e4tt hj\u00e4lper m\u00e5nga familjer. Trots dagens v\u00e4rldsl\u00e4ge hoppas jag att vi alla ikv\u00e4ll kan g\u00e5 hem med en aning \u00f6ppnare d\u00f6rr inom oss.<\/p>\n\n\n\n<div style=\"height:22px\" aria-hidden=\"true\" class=\"wp-block-spacer\"><\/div>\n\n\n\n<p><em>Cecilia Huhtala, F\u00f6rbundsordf\u00f6rande f\u00f6r Finlands Svenska Skolungdomsf\u00f6rbund FSS<\/em><\/p>\n","protected":false},"excerpt":{"rendered":"<p>F\u00f6rbundsordf\u00f6rande Cecilia Huhtala fick \u00e4ran att kr\u00f6na Finlands Lucia 2022, Wilma Gr\u00f6nqvist i Helsingfors domkyrka den 13:e december. Nedan kan du l\u00e4sa hennes kr\u00f6ningstal d\u00e4r hon lyfter fram de oroliga [&hellip;]<\/p>\n","protected":false},"author":1,"featured_media":5868,"comment_status":"closed","ping_status":"open","sticky":false,"template":"","format":"standard","meta":{"_uag_custom_page_level_css":"","_EventAllDay":false,"_EventTimezone":"","_EventStartDate":"","_EventEndDate":"","_EventStartDateUTC":"","_EventEndDateUTC":"","_EventShowMap":false,"_EventShowMapLink":false,"_EventURL":"","_EventCost":"","_EventCostDescription":"","_EventCurrencySymbol":"","_EventCurrencyCode":"","_EventCurrencyPosition":"","_EventDateTimeSeparator":"","_EventTimeRangeSeparator":"","_EventOrganizerID":[],"_EventVenueID":[],"_OrganizerEmail":"","_OrganizerPhone":"","_OrganizerWebsite":"","_VenueAddress":"","_VenueCity":"","_VenueCountry":"","_VenueProvince":"","_VenueState":"","_VenueZip":"","_VenuePhone":"","_VenueURL":"","_VenueStateProvince":"","_VenueLat":"","_VenueLng":"","_VenueShowMap":false,"_VenueShowMapLink":false,"footnotes":""},"categories":[107],"tags":[],"class_list":["post-5867","post","type-post","status-publish","format-standard","has-post-thumbnail","hentry","category-aktuellt"],"uagb_featured_image_src":{"full":["https:\/\/www.skolungdom.fi\/wp-content\/uploads\/2022\/12\/IMG_4441.png",4032,2268,false],"thumbnail":["https:\/\/www.skolungdom.fi\/wp-content\/uploads\/2022\/12\/IMG_4441-150x150.png",150,150,true],"medium":["https:\/\/www.skolungdom.fi\/wp-content\/uploads\/2022\/12\/IMG_4441-300x169.png",300,169,true],"medium_large":["https:\/\/www.skolungdom.fi\/wp-content\/uploads\/2022\/12\/IMG_4441-768x432.png",768,432,true],"large":["https:\/\/www.skolungdom.fi\/wp-content\/uploads\/2022\/12\/IMG_4441-1024x576.png",1024,576,true],"1536x1536":["https:\/\/www.skolungdom.fi\/wp-content\/uploads\/2022\/12\/IMG_4441-1536x864.png",1536,864,true],"2048x2048":["https:\/\/www.skolungdom.fi\/wp-content\/uploads\/2022\/12\/IMG_4441-2048x1152.png",2048,1152,true],"mailpoet_newsletter_max":["https:\/\/www.skolungdom.fi\/wp-content\/uploads\/2022\/12\/IMG_4441-1320x743.png",1320,743,true]},"uagb_author_info":{"display_name":"webmaster","author_link":"https:\/\/www.skolungdom.fi\/en\/author\/webmaster\/"},"uagb_comment_info":0,"uagb_excerpt":"F\u00f6rbundsordf\u00f6rande Cecilia Huhtala fick \u00e4ran att kr\u00f6na Finlands Lucia 2022, Wilma Gr\u00f6nqvist i Helsingfors domkyrka den 13:e december. Nedan kan du l\u00e4sa hennes kr\u00f6ningstal d\u00e4r hon lyfter fram de oroliga [&hellip;]","_links":{"self":[{"href":"https:\/\/www.skolungdom.fi\/en\/wp-json\/wp\/v2\/posts\/5867","targetHints":{"allow":["GET"]}}],"collection":[{"href":"https:\/\/www.skolungdom.fi\/en\/wp-json\/wp\/v2\/posts"}],"about":[{"href":"https:\/\/www.skolungdom.fi\/en\/wp-json\/wp\/v2\/types\/post"}],"author":[{"embeddable":true,"href":"https:\/\/www.skolungdom.fi\/en\/wp-json\/wp\/v2\/users\/1"}],"replies":[{"embeddable":true,"href":"https:\/\/www.skolungdom.fi\/en\/wp-json\/wp\/v2\/comments?post=5867"}],"version-history":[{"count":0,"href":"https:\/\/www.skolungdom.fi\/en\/wp-json\/wp\/v2\/posts\/5867\/revisions"}],"wp:featuredmedia":[{"embeddable":true,"href":"https:\/\/www.skolungdom.fi\/en\/wp-json\/wp\/v2\/media\/5868"}],"wp:attachment":[{"href":"https:\/\/www.skolungdom.fi\/en\/wp-json\/wp\/v2\/media?parent=5867"}],"wp:term":[{"taxonomy":"category","embeddable":true,"href":"https:\/\/www.skolungdom.fi\/en\/wp-json\/wp\/v2\/categories?post=5867"},{"taxonomy":"post_tag","embeddable":true,"href":"https:\/\/www.skolungdom.fi\/en\/wp-json\/wp\/v2\/tags?post=5867"}],"curies":[{"name":"wp","href":"https:\/\/api.w.org\/{rel}","templated":true}]}}