{"id":5990,"date":"2023-02-17T12:12:13","date_gmt":"2023-02-17T10:12:13","guid":{"rendered":"https:\/\/skolungdom.fi\/?p=5990"},"modified":"2023-02-17T12:12:13","modified_gmt":"2023-02-17T10:12:13","slug":"eduskuntavaalitavoitteet-2023","status":"publish","type":"post","link":"https:\/\/www.skolungdom.fi\/en\/eduskuntavaalitavoitteet-2023\/","title":{"rendered":"Eduskuntavaalitavoitteet 2023"},"content":{"rendered":"\n<h1 class=\"wp-block-heading\"><strong>Nuorten psyykkist\u00e4 pahoinvointia on ehk\u00e4ist\u00e4v\u00e4!<\/strong><\/h1>\n\n\n\n<p>Nuorten psyykkinen pahoinvointi on lis\u00e4\u00e4ntynyt huomattavasti viime vuosina. Koulut ovat isossa roolissa nuorten mielenterveyden kannalta, ja siksi meid\u00e4n on rakennettava nuorille kouluymp\u00e4rist\u00f6 ja arki, joka ei lis\u00e4\u00e4 stressi\u00e4 vaan sit\u00e4 vastoin ehk\u00e4isee nuorten pahoinvointia. T\u00e4m\u00e4 kriisi on otettava vakavasti!<\/p>\n\n\n\n<ol class=\"wp-block-list\">\n<li><strong>Vaadimme jokaiselle opiskelijalle vuosittaisen k\u00e4ynnin koulukuraattorille tai psykologille!<\/strong><\/li>\n<\/ol>\n\n\n\n<p>Ehk\u00e4ist\u00e4ksemme nuorten psyykkist\u00e4 pahoinvointia, on t\u00e4rke\u00e4\u00e4, ett\u00e4 jokaiselle opiskelijalle taataan vuosittainen k\u00e4ynti koulukuraattorin tai koulupsykologin luona, jotta avun saamisen kynnys laskee. K\u00e4yntien tulee olla saatavilla molemmilla kotimaisilla kielill\u00e4. Nuorten on saatava heille kuuluva apu, eik\u00e4 heid\u00e4n psyykkist\u00e4 pahoinvointiansa tule v\u00e4h\u00e4tell\u00e4.&nbsp;<\/p>\n\n\n\n<ol class=\"wp-block-list\" start=\"2\">\n<li><strong>Vaadimme terapiatakuun toteutumista!<\/strong><\/li>\n<\/ol>\n\n\n\n<p>Mielenterveyden ongelmien hoito vaatii oikea-aikaisuutta. Siksi vaadimme terapiatakuun toteutumista, jotta takaamme ett\u00e4 kaikki saavat apua kuukauden sis\u00e4ll\u00e4 siit\u00e4 kun avun tarve on todettu.&nbsp;<\/p>\n\n\n\n<ol class=\"wp-block-list\" start=\"3\">\n<li><strong>Vaadimme enemm\u00e4n ammattiapua ruotsiksi!&nbsp;<\/strong><\/li>\n<\/ol>\n\n\n\n<p>Kaikkien tulisi saada apua omalla \u00e4idinkielell\u00e4\u00e4n ja mahdollisuuden ilmaista itse\u00e4\u00e4n tunnekielell\u00e4\u00e4n. K\u00e4ynnit koulukuraattorille tai koulupsykologille tulee olla saatavilla molemmilla kotimaisilla kielill\u00e4. Jotta varmistamme ruotsinkielisten nuorten psyykkisen hyvinvoinnin, tarvitsemme osaavia ja ammattimaisia kuraattoreita ja psykologeja, jotka osaavat ruotsia. Kun apua tarvitaan, sen on oltava l\u00e4hell\u00e4 ja helposti ilmaistavissa.<\/p>\n\n\n\n<ol class=\"wp-block-list\" start=\"4\">\n<li><strong>Vaadimme lis\u00e4\u00e4 ymm\u00e4rryst\u00e4 psyykkiselle pahoinvoinnille kouluissa!&nbsp;<\/strong><\/li>\n<\/ol>\n\n\n\n<p>Koulujen on oltava ymp\u00e4rist\u00f6, jossa nuoret viihtyv\u00e4t ja tuntevat itsens\u00e4 kotoisaksi. Apua ja palveluita psyykkisen pahoinvointiin on tarjottava matalalla kynnyksell\u00e4 kaikille opiskelijoille. Koulujen tulee tehd\u00e4 aktiivista kiusaamisen vastaista ty\u00f6t\u00e4, jotta jokaisella nuorella on turvallista olla oma itsens\u00e4. Kouluhenkil\u00f6kuntaa tulee kouluttaa mielenterveyden ensiavusta, jotta heill\u00e4 on tarvittavat ty\u00f6kalut psyykkisest\u00e4 pahoinvoinnista ja voivat t\u00e4ten olla avuksi opiskelijoille.&nbsp;<\/p>\n\n\n\n<h1 class=\"wp-block-heading\"><strong>Koulun tulee olla tasa-arvoinen ja inklusiivinen!<\/strong><\/h1>\n\n\n\n<p>Koulun tulee olla tasa-arvoinen ymp\u00e4rist\u00f6 kaikille, taustasta tai identiteetist\u00e4 riippumatta. Avoimessa ja monikulttuurisessa yhteiskunnassa kaikilla on oltava mahdollisuus olla oma itsens\u00e4. Koulun tulee edist\u00e4\u00e4 kunnioittavaa kanssak\u00e4ymist\u00e4 eri yksil\u00f6iden v\u00e4lill\u00e4.&nbsp;<br><\/p>\n\n\n\n<ol class=\"wp-block-list\">\n<li><strong>Vaadimme inklusiivisen seksuaaliopetuksen!&nbsp;<\/strong><\/li>\n<\/ol>\n\n\n\n<p>Seksuaaliopetuksen tulee olla avoin, ja keskustella seksuaalisista suuntauksista ja sukupuoli-identiteeteist\u00e4 normikriittisesti. Opetuksen tulee antaa opiskelijoille opit ja ty\u00f6kalut oman terveyden ja seksuaalisuuden k\u00e4sittelyyn.&nbsp;<\/p>\n\n\n\n<ol class=\"wp-block-list\" start=\"2\">\n<li><strong>Vaadimme kaikille yhteist\u00e4 katsomusainetta!&nbsp;<\/strong><\/li>\n<\/ol>\n\n\n\n<p>El\u00e4m\u00e4nkatsomustieto ja uskonnonopetus tulee yhdist\u00e4\u00e4. Tavoite tulisi olla opiskelijoiden kulttuurisen ja uskonnollisen ymm\u00e4rryksen lis\u00e4\u00e4minen t\u00e4m\u00e4n p\u00e4iv\u00e4n monikulttuurisessa yhteiskunnassa. Tavoite tulee olla lis\u00e4t\u00e4 ymm\u00e4rryst\u00e4 ja kunnioitusta eri uskontoja, kulttuureita ja katsomuksia kohtaan.<\/p>\n\n\n\n<ol class=\"wp-block-list\" start=\"3\">\n<li><strong>Vaadimme korkealaatuisia opetusmateriaaleja kaikilla kielill\u00e4!<\/strong><\/li>\n<\/ol>\n\n\n\n<p>Opetusmateriaalien laadulla on ratkaiseva rooli opiskelijoiden oppimisessa ja siksi opetusmateriaalien tulee olla korkealaatuisia ja ajantasaisia riippumatta opetuskielest\u00e4. Nykyisin monet opetusmateriaalit ovat heikosti k\u00e4\u00e4nnettyj\u00e4 tai opettaja joutuu tuottamaan omaa materiaalia. Ruotsinkielisill\u00e4 opiskelijoille on Suomessa samat oikeudet korkealaatuisiin opetusmateriaaleihin kuin suomenkielisill\u00e4 opiskelijoille, ja t\u00e4m\u00e4n on oltava havaittavissa k\u00e4yt\u00e4nn\u00f6ss\u00e4.&nbsp;<\/p>\n\n\n\n<h1 class=\"wp-block-heading\"><strong>Antakaa nuorille valtaa!<\/strong><\/h1>\n\n\n\n<p>Nuorten tulevaisuuden toivo on heikentynyt huomattavasti viime vuosina ja p\u00e4\u00e4t\u00f6ksentekij\u00e4t eiv\u00e4t huomioi heid\u00e4n huoliaan ja ideoitaan. Meid\u00e4n t\u00e4ytyy antaa nuorille enemm\u00e4n vaikuttamismahdollisuuksia ja tapoja tulla kuulluksi p\u00e4\u00e4t\u00f6ksenteossa.&nbsp;<\/p>\n\n\n\n<ol class=\"wp-block-list\">\n<li><strong>Vaadimme \u00e4\u00e4nestysik\u00e4rajan laskua 16 ik\u00e4vuoteen!<\/strong><\/li>\n<\/ol>\n\n\n\n<p>Meid\u00e4n on vahvistettava nuorten uskoa demokratiaan. Siksi \u00e4\u00e4nestysik\u00e4rajaa tulisi laskea 16 ik\u00e4vuoteen. Koulun tulee ottaa aktiivinen rooli ensi kertaa \u00e4\u00e4nest\u00e4vien nuorten tukemisessa, jotta he saavat tarpeeksi tietoa vaaleista ja \u00e4\u00e4nest\u00e4misest\u00e4.&nbsp;&nbsp;<\/p>\n\n\n\n<ol class=\"wp-block-list\" start=\"2\">\n<li><strong>Vaadimme nuorten \u00e4\u00e4nelle merkityst\u00e4!<\/strong><\/li>\n<\/ol>\n\n\n\n<p>Nuoria koskevia p\u00e4\u00e4t\u00f6ksi\u00e4 tehd\u00e4\u00e4n p\u00e4ivitt\u00e4in, eiv\u00e4tk\u00e4 n\u00e4m\u00e4 p\u00e4\u00e4t\u00f6kset rajoitu koulutuskysymyksiin. Yhteiskunnan on varmistettava, ett\u00e4 nuorten \u00e4\u00e4ni tulee kuulluksi kaikilla p\u00e4\u00e4t\u00f6ksentekotasoilla, ja my\u00f6s niin, ett\u00e4 muutos on mahdollista.<\/p>\n\n\n\n<ol class=\"wp-block-list\" start=\"3\">\n<li><strong>Vaadimme kovempia toimia ilmastokriisin jarruttamiseksi!<\/strong><\/li>\n<\/ol>\n\n\n\n<p>Ilmastokriisi on aikamme suurin uhka. Tarvitsemme v\u00e4hemm\u00e4n puhumista ja enemm\u00e4n tekoja, my\u00f6s ep\u00e4mukavia, jotta ilmastokriisi saadaan jarrutettua. Konkreettisia toimia tarvitaan kaikilta p\u00e4\u00e4t\u00f6ksentekij\u00f6ilt\u00e4, mik\u00e4li haluamme varmistaa elinkelpoisen planeetan.&nbsp;<\/p>\n\n\n\n<h1 class=\"wp-block-heading\"><strong>Kuunnelkaa toisen asteen opiskelijoiden intressej\u00e4!<\/strong><\/h1>\n\n\n\n<h3 class=\"wp-block-heading\"><strong>1. Vaadimme kolmannen asteen opiskelijavalintojen uudistamista!<\/strong><\/h3>\n\n\n\n<p>Sis\u00e4\u00e4np\u00e4\u00e4sy kolmannelle asteelle tulee olla tasa-arvoinen ja antaa opiskelijoille samat mahdollisuudet opintotaustasta riippumatta. Todistusvalinnan merkitys sis\u00e4\u00e4np\u00e4\u00e4syss\u00e4 tulisi pienent\u00e4\u00e4. Nykytilanne uhkaa lukioiden yleissivist\u00e4v\u00e4\u00e4 roolia, ja tilanne on kest\u00e4m\u00e4t\u00f6n.&nbsp;<\/p>\n\n\n\n<h3 class=\"wp-block-heading\"><strong>2. Vaadimme lis\u00e4\u00e4 taloudellista tukea ammatillisille opiskelijoille!<\/strong><\/h3>\n\n\n\n<p>Opintorahan taso ammatillisille opiskelijoille on t\u00e4n\u00e4 p\u00e4iv\u00e4n\u00e4 liian matala, ja monet joutuvat ottamaan huomattavan m\u00e4\u00e4r\u00e4n lainaa opintojensa rahoittamiseksi. Siksi vaadimme, ett\u00e4 opintorahaa nostetaan 100 eurolla, jotta tarve opintolainalle v\u00e4henisi. Ammatillisen tutkinnon suorittaminen ei saa johtaa kest\u00e4m\u00e4tt\u00f6m\u00e4\u00e4n lainataakkaan.<\/p>\n\n\n\n<h3 class=\"wp-block-heading\"><strong>3. Vaadimme loppua ammatillisen koulutuksen keskitt\u00e4miselle!&nbsp;<\/strong><\/h3>\n\n\n\n<p>Toisen asteen ammatillisessa koulutuksessa on k\u00e4ynniss\u00e4 keskitt\u00e4minen, jolla on iso vaikutus ammatillisen opiskelijoiden m\u00e4\u00e4r\u00e4n ja ammatillisen koulutuksen houkuttelevuuteen sek\u00e4 eri alueiden ty\u00f6markkinoihin. Taataksemme eri alueiden elinvoimaisuuden ja nuorten opiskelumahdollisuudet, opintotarjontaa tulee hajauttaa eri alueille yhteisty\u00f6ss\u00e4 ty\u00f6markkinoiden kanssa.&nbsp;<\/p>\n\n\n\n<h1 class=\"wp-block-heading\"><strong>Tuetko FSS:n tavoitteita?<\/strong><\/h1>\n\n\n\n<p>Jos olet eduskuntavaaliehdokas ja haluat tukea tavoitteitamme, voit t\u00e4ytt\u00e4\u00e4 alla olevan lomakkeen. Ennen vaaleja tulemme julkaisemaan kaikki tavoitteidemme tukijat eri viestint\u00e4kanaviemme kautta.&nbsp;<\/p>\n\n\n\n<p>L\u00f6yd\u00e4t lomakkeen t\u00e4\u00e4lt\u00e4: <a href=\"https:\/\/forms.gle\/QBPtwcNhUqb2Hgn98\">https:\/\/forms.gle\/QBPtwcNhUqb2Hgn98<\/a>&nbsp;<\/p>\n\n\n\n<p>Mik\u00e4li teill\u00e4 on jotain kysytt\u00e4v\u00e4\u00e4 kampanjastamme, eduskuntavaaleista tai muusta toiminnastamme, olkaa yhteydess\u00e4&nbsp;<\/p>\n\n\n\n<p>Cecilia Huhtala, puheenjohtaja<\/p>\n\n\n\n<p><a href=\"mailto:cecilia.huhtala@skolungdom.fi\">cecilia.huhtala@skolungdom.fi<\/a><\/p>\n\n\n\n<p>044 980 7553<\/p>\n\n\n\n<p><strong>L\u00f6yd\u00e4t meid\u00e4t<\/strong><\/p>\n\n\n\n<p>Kotisivu skolungdom.fi<\/p>\n\n\n\n<p>Instagram @skolungdom<\/p>\n\n\n\n<p>Twitter @skolungdom<\/p>\n\n\n\n<p>Facebook @skolungdom<\/p>\n\n\n\n<p>Tiktok @fsspolitiktok<\/p>\n\n\n\n<p><\/p>\n\n\n\n<p><\/p>\n\n\n\n<blockquote class=\"wp-block-quote is-layout-flow wp-block-quote-is-layout-flow\">\n<p><em>Finlands Svenska Skolungdomsf\u00f6rbund FSS rf valvoo ruotsinkielisten opiskelijoiden etuja Suomessa ja on opiskelijoiden vaikutuskanava koulutus- ja nuorisopoliittisissa kysymyksiss\u00e4. Liitto edustaa peruskoulun ylempien luokkien oppilaita sek\u00e4 toisen asteen ja kansanopistojen opiskelijoita. FSS on puoluepoliittisesti ja uskonnollisesti sitoutumaton.&nbsp;<\/em><\/p>\n<\/blockquote>\n","protected":false},"excerpt":{"rendered":"<p>Nuorten psyykkist\u00e4 pahoinvointia on ehk\u00e4ist\u00e4v\u00e4! Nuorten psyykkinen pahoinvointi on lis\u00e4\u00e4ntynyt huomattavasti viime vuosina. Koulut ovat isossa roolissa nuorten mielenterveyden kannalta, ja siksi meid\u00e4n on rakennettava nuorille kouluymp\u00e4rist\u00f6 ja arki, joka [&hellip;]<\/p>\n","protected":false},"author":2,"featured_media":5823,"comment_status":"closed","ping_status":"open","sticky":false,"template":"","format":"standard","meta":{"_uag_custom_page_level_css":"","_EventAllDay":false,"_EventTimezone":"","_EventStartDate":"","_EventEndDate":"","_EventStartDateUTC":"","_EventEndDateUTC":"","_EventShowMap":false,"_EventShowMapLink":false,"_EventURL":"","_EventCost":"","_EventCostDescription":"","_EventCurrencySymbol":"","_EventCurrencyCode":"","_EventCurrencyPosition":"","_EventDateTimeSeparator":"","_EventTimeRangeSeparator":"","_EventOrganizerID":[],"_EventVenueID":[],"_OrganizerEmail":"","_OrganizerPhone":"","_OrganizerWebsite":"","_VenueAddress":"","_VenueCity":"","_VenueCountry":"","_VenueProvince":"","_VenueState":"","_VenueZip":"","_VenuePhone":"","_VenueURL":"","_VenueStateProvince":"","_VenueLat":"","_VenueLng":"","_VenueShowMap":false,"_VenueShowMapLink":false,"footnotes":""},"categories":[110],"tags":[111],"class_list":["post-5990","post","type-post","status-publish","format-standard","has-post-thumbnail","hentry","category-dold","tag-riksdagsval-2023"],"uagb_featured_image_src":{"full":["https:\/\/www.skolungdom.fi\/wp-content\/uploads\/2022\/11\/Artboard-1.png",1920,1080,false],"thumbnail":["https:\/\/www.skolungdom.fi\/wp-content\/uploads\/2022\/11\/Artboard-1-150x150.png",150,150,true],"medium":["https:\/\/www.skolungdom.fi\/wp-content\/uploads\/2022\/11\/Artboard-1-300x169.png",300,169,true],"medium_large":["https:\/\/www.skolungdom.fi\/wp-content\/uploads\/2022\/11\/Artboard-1-768x432.png",768,432,true],"large":["https:\/\/www.skolungdom.fi\/wp-content\/uploads\/2022\/11\/Artboard-1-1024x576.png",1024,576,true],"1536x1536":["https:\/\/www.skolungdom.fi\/wp-content\/uploads\/2022\/11\/Artboard-1-1536x864.png",1536,864,true],"2048x2048":["https:\/\/www.skolungdom.fi\/wp-content\/uploads\/2022\/11\/Artboard-1.png",1920,1080,false],"mailpoet_newsletter_max":["https:\/\/www.skolungdom.fi\/wp-content\/uploads\/2022\/11\/Artboard-1-1320x743.png",1320,743,true]},"uagb_author_info":{"display_name":"Skolungdom","author_link":"https:\/\/www.skolungdom.fi\/en\/author\/skolungdom\/"},"uagb_comment_info":0,"uagb_excerpt":"Nuorten psyykkist\u00e4 pahoinvointia on ehk\u00e4ist\u00e4v\u00e4! Nuorten psyykkinen pahoinvointi on lis\u00e4\u00e4ntynyt huomattavasti viime vuosina. Koulut ovat isossa roolissa nuorten mielenterveyden kannalta, ja siksi meid\u00e4n on rakennettava nuorille kouluymp\u00e4rist\u00f6 ja arki, joka [&hellip;]","_links":{"self":[{"href":"https:\/\/www.skolungdom.fi\/en\/wp-json\/wp\/v2\/posts\/5990","targetHints":{"allow":["GET"]}}],"collection":[{"href":"https:\/\/www.skolungdom.fi\/en\/wp-json\/wp\/v2\/posts"}],"about":[{"href":"https:\/\/www.skolungdom.fi\/en\/wp-json\/wp\/v2\/types\/post"}],"author":[{"embeddable":true,"href":"https:\/\/www.skolungdom.fi\/en\/wp-json\/wp\/v2\/users\/2"}],"replies":[{"embeddable":true,"href":"https:\/\/www.skolungdom.fi\/en\/wp-json\/wp\/v2\/comments?post=5990"}],"version-history":[{"count":0,"href":"https:\/\/www.skolungdom.fi\/en\/wp-json\/wp\/v2\/posts\/5990\/revisions"}],"wp:featuredmedia":[{"embeddable":true,"href":"https:\/\/www.skolungdom.fi\/en\/wp-json\/wp\/v2\/media\/5823"}],"wp:attachment":[{"href":"https:\/\/www.skolungdom.fi\/en\/wp-json\/wp\/v2\/media?parent=5990"}],"wp:term":[{"taxonomy":"category","embeddable":true,"href":"https:\/\/www.skolungdom.fi\/en\/wp-json\/wp\/v2\/categories?post=5990"},{"taxonomy":"post_tag","embeddable":true,"href":"https:\/\/www.skolungdom.fi\/en\/wp-json\/wp\/v2\/tags?post=5990"}],"curies":[{"name":"wp","href":"https:\/\/api.w.org\/{rel}","templated":true}]}}