{"id":6809,"date":"2024-04-24T10:09:09","date_gmt":"2024-04-24T07:09:09","guid":{"rendered":"https:\/\/skolungdom.fi\/?p=6809"},"modified":"2024-04-24T10:09:09","modified_gmt":"2024-04-24T07:09:09","slug":"nu-racker-det","status":"publish","type":"post","link":"https:\/\/www.skolungdom.fi\/en\/nu-racker-det\/","title":{"rendered":"Nu r\u00e4cker det!"},"content":{"rendered":"\n<p>Regeringen har fattat beslut om att begr\u00e4nsa kostnadsfriheten p\u00e5 andra stadiet till studerande under 18-\u00e5rs \u00e5lder.&nbsp;<\/p>\n\n\n\n<ul class=\"wp-block-list\">\n<li>Detta inneb\u00e4r ekonomiska or\u00e4ttvisor studerande emellan och f\u00f6respr\u00e5kar prestation baserat p\u00e5 socioekonomiska faktorer.&nbsp;<\/li>\n<\/ul>\n\n\n\n<ul class=\"wp-block-list\">\n<li>Dessutom \u00f6kar risken f\u00f6r avbrytande av studierna till f\u00f6ljd av kostnaderna som uppst\u00e5r. Eftersom studerande p\u00e5 andra stadiet ber\u00f6rs av l\u00e4roplikt \u00e4r det orimligt att de skall beh\u00f6va st\u00e5 f\u00f6r l\u00e4romaterial sj\u00e4lva.<\/li>\n<\/ul>\n\n\n\n<p>Men \u00e4n har t\u00e5get inte g\u00e5tt. Regeringens lagf\u00f6rslag har \u00e4nnu inte godk\u00e4nts, och f\u00f6r\u00e4ndringarna kan fortfarande stoppas!<\/p>\n\n\n\n<p>FSS st\u00e5r bakom Suomen Lukiolaisten Liiton utmarsch och uppmuntrar svenskspr\u00e5kiga gymnasie studeranden att delta.<\/p>\n\n\n\n<p>Gymnasie studeranden, marschera med oss ut fr\u00e5n lektionen i protest mot slopandet av det kostnadsfria andra stadiet!<\/p>\n\n\n\n<p><strong>Vad: <\/strong>Gymnasie studerandens utmarsch<\/p>\n\n\n\n<p><strong>Hur: <\/strong>Man deltar i utmarschen genom att avl\u00e4gsna sig fr\u00e5n undervisningen och klassrummen<\/p>\n\n\n\n<p><strong>N\u00e4r: <\/strong>Torsdagen den 25 april 2024 klockan 12.15<\/p>\n\n\n\n<p><strong>Hur kan studeranden delta: <\/strong><\/p>\n\n\n\n<ul class=\"wp-block-list\">\n<li>sprida vidare informationen till skolan, klasskompisar och studerandek\u00e5sstyrelse.<\/li>\n\n\n\n<li>I samband med utmarschen kan man ordna ett informationstillf\u00e4lle om nedsk\u00e4rningarna, g\u00f6ra slagkraftiga plakat och vara i kontakt med regionala beslutsfattare f\u00f6r att sprida budskapet. <\/li>\n\n\n\n<li>Publicera bilder fr\u00e5n er utmarsch och tagga @skolungdom och #maksuton2aste <\/li>\n\n\n\n<li>Meddela l\u00e4rare i god tid ifall ni deltar och varf\u00f6r. Ni kan sj\u00e4lva best\u00e4mma hur l\u00e4nge ni vill demonstrera och vad ni vill hitta p\u00e5. <\/li>\n<\/ul>\n\n\n\n<p>Obs! En skild f\u00f6r yrkesstuderanden planeras att ordnas n\u00e4sta veckas torsdag tillsammans med andra f\u00f6rbund. Mera information kommer inom kort!<\/p>\n\n\n\n<p>Vid ytterligare fr\u00e5gor,<br>Cecilia Huhtala, (050 3227715, <a href=\"mailto:cecilia.huhtala@skolungdom.fi\">cecilia.huhtala@skolungdom.fi<\/a>)<\/p>\n","protected":false},"excerpt":{"rendered":"<p>Regeringen har fattat beslut om att begr\u00e4nsa kostnadsfriheten p\u00e5 andra stadiet till studerande under 18-\u00e5rs \u00e5lder.&nbsp; Men \u00e4n har t\u00e5get inte g\u00e5tt. Regeringens lagf\u00f6rslag har \u00e4nnu inte godk\u00e4nts, och f\u00f6r\u00e4ndringarna [&hellip;]<\/p>\n","protected":false},"author":2,"featured_media":6813,"comment_status":"closed","ping_status":"open","sticky":false,"template":"","format":"standard","meta":{"_uag_custom_page_level_css":"","_EventAllDay":false,"_EventTimezone":"","_EventStartDate":"","_EventEndDate":"","_EventStartDateUTC":"","_EventEndDateUTC":"","_EventShowMap":false,"_EventShowMapLink":false,"_EventURL":"","_EventCost":"","_EventCostDescription":"","_EventCurrencySymbol":"","_EventCurrencyCode":"","_EventCurrencyPosition":"","_EventDateTimeSeparator":"","_EventTimeRangeSeparator":"","_EventOrganizerID":[],"_EventVenueID":[],"_OrganizerEmail":"","_OrganizerPhone":"","_OrganizerWebsite":"","_VenueAddress":"","_VenueCity":"","_VenueCountry":"","_VenueProvince":"","_VenueState":"","_VenueZip":"","_VenuePhone":"","_VenueURL":"","_VenueStateProvince":"","_VenueLat":"","_VenueLng":"","_VenueShowMap":false,"_VenueShowMapLink":false,"footnotes":""},"categories":[107,108],"tags":[],"class_list":["post-6809","post","type-post","status-publish","format-standard","has-post-thumbnail","hentry","category-aktuellt","category-pressmeddelande"],"uagb_featured_image_src":{"full":false,"thumbnail":false,"medium":false,"medium_large":false,"large":false,"1536x1536":false,"2048x2048":false,"mailpoet_newsletter_max":false},"uagb_author_info":{"display_name":"Skolungdom","author_link":"https:\/\/www.skolungdom.fi\/en\/author\/skolungdom\/"},"uagb_comment_info":0,"uagb_excerpt":"Regeringen har fattat beslut om att begr\u00e4nsa kostnadsfriheten p\u00e5 andra stadiet till studerande under 18-\u00e5rs \u00e5lder.&nbsp; Men \u00e4n har t\u00e5get inte g\u00e5tt. Regeringens lagf\u00f6rslag har \u00e4nnu inte godk\u00e4nts, och f\u00f6r\u00e4ndringarna [&hellip;]","_links":{"self":[{"href":"https:\/\/www.skolungdom.fi\/en\/wp-json\/wp\/v2\/posts\/6809","targetHints":{"allow":["GET"]}}],"collection":[{"href":"https:\/\/www.skolungdom.fi\/en\/wp-json\/wp\/v2\/posts"}],"about":[{"href":"https:\/\/www.skolungdom.fi\/en\/wp-json\/wp\/v2\/types\/post"}],"author":[{"embeddable":true,"href":"https:\/\/www.skolungdom.fi\/en\/wp-json\/wp\/v2\/users\/2"}],"replies":[{"embeddable":true,"href":"https:\/\/www.skolungdom.fi\/en\/wp-json\/wp\/v2\/comments?post=6809"}],"version-history":[{"count":0,"href":"https:\/\/www.skolungdom.fi\/en\/wp-json\/wp\/v2\/posts\/6809\/revisions"}],"wp:featuredmedia":[{"embeddable":true,"href":"https:\/\/www.skolungdom.fi\/en\/wp-json\/"}],"wp:attachment":[{"href":"https:\/\/www.skolungdom.fi\/en\/wp-json\/wp\/v2\/media?parent=6809"}],"wp:term":[{"taxonomy":"category","embeddable":true,"href":"https:\/\/www.skolungdom.fi\/en\/wp-json\/wp\/v2\/categories?post=6809"},{"taxonomy":"post_tag","embeddable":true,"href":"https:\/\/www.skolungdom.fi\/en\/wp-json\/wp\/v2\/tags?post=6809"}],"curies":[{"name":"wp","href":"https:\/\/api.w.org\/{rel}","templated":true}]}}