{"id":8823,"date":"2024-04-30T14:50:13","date_gmt":"2024-04-30T11:50:13","guid":{"rendered":"https:\/\/skolungdom.fi\/?p=6822"},"modified":"2024-08-28T15:11:23","modified_gmt":"2024-08-28T12:11:23","slug":"resolution-for-elevriksdagen-2024","status":"publish","type":"post","link":"https:\/\/www.skolungdom.fi\/en\/resolution-for-elevriksdagen-2024\/","title":{"rendered":"Resolution f\u00f6r Elevriksdagen 2024"},"content":{"rendered":"\n<p>Finlands Svenska Skolungdomsf\u00f6rbund FSS rf samlar \u00e5rligen skolungdomar fr\u00e5n hela Svenskfinland och spr\u00e5k\u00f6ar till sitt \u00e5rsm\u00f6te och h\u00f6gsta beslutande organ Elevriksdagen ERIK. Helgen 26-28.4.2024 sammantr\u00e4dde FSS till Elevriksdag i Karis. Under \u00e5rsm\u00f6tet behandlades bland annat det politiska programmet, likabehandlingsplanen och f\u00f6rbundets stadgar. En ny f\u00f6rbundsstyrelse valdes under helgen.\u00a0<\/p>\n\n\n\n<p>\u00c5rsm\u00f6tet inleddes med en h\u00e4lsning fr\u00e5n ordf\u00f6rande f\u00f6r Raseborgs ungdomsfullm\u00e4ktige Agnes Kvarnstr\u00f6m och studeranderepresentanter fr\u00e5n V\u00e4stra Nylands Folkh\u00f6gskola.<\/p>\n\n\n\n<p>Under politiska programmets genomg\u00e5ng v\u00e4cktes stor debatt kring vegetarisk kost i skolor och r\u00f6str\u00e4tts\u00e5ldern. Drogpolitik och abortlagstiftning diskuterades ocks\u00e5 aktivt. Elevriksdagen fastst\u00e4llde bland annat att FSS ska arbeta f\u00f6r att fri abort ska vara m\u00f6jlig upp till 18 veckor i graviditeten och att kommuner ska kunna v\u00e4lja ifall vegetarisk mat serveras en g\u00e5ng per vecka.&nbsp; M\u00e5nga delegater gjorde anf\u00f6randen i debatten. Fast tunga \u00e4mnen behandlades s\u00e5 h\u00f6lls debatten respektfull och saklig.&nbsp;<\/p>\n\n\n\n<p>I och med inkomna motioner och propositioner togs \u00e4mnen som ungas mentala h\u00e4lsa, v\u00e4rnplikten och inf\u00f6randet av ett tredje juridiskt k\u00f6n upp. Av motionerna och propositionerna godk\u00e4nde Elevriksdagen \u201cEtt tryggt och j\u00e4mlikt pensionssystem\u201d, \u201cInf\u00f6randet av ett tredje juridiskt k\u00f6n och fastst\u00e4llande av juridiskt k\u00f6n\u201d och \u201cAllm\u00e4n v\u00e4rnplikt och h\u00e4lsosammare kultur i milit\u00e4ren\u201d. Utifr\u00e5n diskussionen fastst\u00e4lldes det ocks\u00e5 att ungas m\u00e5ende och elev-och studerandev\u00e5rd ska vara det mest centrala temat under f\u00f6rbundets&nbsp; arbete inf\u00f6r kommunal-och v\u00e4lf\u00e4rdsomr\u00e5desvalet 2025.<\/p>\n\n\n\n<p>I verksamhetsplanen fastst\u00e4lldes det att FSS ska forts\u00e4tta jobba f\u00f6r ungas st\u00e4llning i samh\u00e4llsdebatten och bevaka de svenskspr\u00e5kiga skolungdomarnas intresse. Ett specifikt m\u00e5l f\u00f6r det kommande verksamhets\u00e5ret \u00e4r att under h\u00f6sten \u00e5ka p\u00e5 en stor turn\u00e9 till Svenskfinlands skolor.<\/p>\n\n\n\n<p>Elevriksdagen valde ocks\u00e5 en ny f\u00f6rbundsstyrelse under veckoslutet. Niko Partanen, 18 \u00e5r och hemma fr\u00e5n Helsingfors, valdes till f\u00f6rbundsordf\u00f6rande.&nbsp;<\/p>\n\n\n\n<p>Partanen inleder sitt ordf\u00f6randeskap i m\u00e5nadsskiftet mellan juni och juli, \u201cDet \u00e4r mycket som \u00e4r aktuellt f\u00f6r v\u00e5r m\u00e5lgrupp just nu, till exempel nedsk\u00e4rningar. Jag \u00e4r ivrig att ta nya tag och representera f\u00f6rbundet i de h\u00e4r fr\u00e5gorna.\u201d s\u00e4ger Partanen om det nya f\u00f6rtroendeuppdraget.&nbsp;<\/p>\n\n\n\n<p>Till f\u00f6rbundets f\u00f6rsta vice ordf\u00f6rande valdes Elodie B\u00f6hling (Borg\u00e5)\u00a0 och till andra vice ordf\u00f6rande valdes Ajla Jasarevic (N\u00e4rpes).<\/p>\n\n\n\n<p>Till styrelsemedlemmar valdes Carolina Friman (Eken\u00e4s), Emma Karmanheimo (Borg\u00e5), William Mutka (Borg\u00e5), Mar Porres (\u00c5bo), Teo Torrkulla (Korsholm) och Fanny \u00d6sterg\u00e5rd (Borg\u00e5).  <\/p>\n\n\n\n<p><strong>Till\u00e4ggsinformation ges av:<\/strong><\/p>\n\n\n\n<p>Cecilia Huhtala, f\u00f6rbundsordf\u00f6rande 2022-2024<\/p>\n\n\n\n<p><em>050 322 7715, <a href=\"mailto:cecilia.huhtala@skolungdom.fi\">cecilia.huhtala@skolungdom.fi<\/a><\/em><\/p>\n\n\n\n<p>Niko Partanen, f\u00f6rbundsordf\u00f6rande 2024-2025<br><em>045 844 4660, <a href=\"mailto:niko.partanen@skolungdom.fi\">niko.partanen@skolungdom.fi<\/a><\/em><\/p>\n","protected":false},"excerpt":{"rendered":"<p>FSS Styrelse 2024-2025. F.v: Emma Karmanheimo, Carolina Friman, Ajla Jasarevic, Teo Torrkulla, Niko Partanen, Fanny \u00d6sterg\u00e5rd, Mar Porres och William Mutka. Den nya styrelsen inleder sitt arbete i m\u00e5nadsskiftet juni-juli 2024.<\/p>\n<p>Foto: Felix Lindvik \/ FSS<\/p>\n","protected":false},"author":2,"featured_media":6820,"comment_status":"closed","ping_status":"open","sticky":false,"template":"","format":"standard","meta":{"_uag_custom_page_level_css":"","_EventAllDay":false,"_EventTimezone":"","_EventStartDate":"","_EventEndDate":"","_EventStartDateUTC":"","_EventEndDateUTC":"","_EventShowMap":false,"_EventShowMapLink":false,"_EventURL":"","_EventCost":"","_EventCostDescription":"","_EventCurrencySymbol":"","_EventCurrencyCode":"","_EventCurrencyPosition":"","_EventDateTimeSeparator":"","_EventTimeRangeSeparator":"","_EventOrganizerID":[],"_EventVenueID":[],"_OrganizerEmail":"","_OrganizerPhone":"","_OrganizerWebsite":"","_VenueAddress":"","_VenueCity":"","_VenueCountry":"","_VenueProvince":"","_VenueState":"","_VenueZip":"","_VenuePhone":"","_VenueURL":"","_VenueStateProvince":"","_VenueLat":"","_VenueLng":"","_VenueShowMap":false,"_VenueShowMapLink":false,"footnotes":""},"categories":[107,108],"tags":[],"class_list":["post-8823","post","type-post","status-publish","format-standard","has-post-thumbnail","hentry","category-aktuellt","category-pressmeddelande"],"uagb_featured_image_src":{"full":false,"thumbnail":false,"medium":false,"medium_large":false,"large":false,"1536x1536":false,"2048x2048":false,"mailpoet_newsletter_max":false},"uagb_author_info":{"display_name":"Skolungdom","author_link":"https:\/\/www.skolungdom.fi\/en\/author\/skolungdom\/"},"uagb_comment_info":0,"uagb_excerpt":"FSS Styrelse 2024-2025. F.v: Emma Karmanheimo, Carolina Friman, Ajla Jasarevic, Teo Torrkulla, Niko Partanen, Fanny \u00d6sterg\u00e5rd, Mar Porres och William Mutka. Den nya styrelsen inleder sitt arbete i m\u00e5nadsskiftet juni-juli 2024. Foto: Felix Lindvik \/ FSS","_links":{"self":[{"href":"https:\/\/www.skolungdom.fi\/en\/wp-json\/wp\/v2\/posts\/8823","targetHints":{"allow":["GET"]}}],"collection":[{"href":"https:\/\/www.skolungdom.fi\/en\/wp-json\/wp\/v2\/posts"}],"about":[{"href":"https:\/\/www.skolungdom.fi\/en\/wp-json\/wp\/v2\/types\/post"}],"author":[{"embeddable":true,"href":"https:\/\/www.skolungdom.fi\/en\/wp-json\/wp\/v2\/users\/2"}],"replies":[{"embeddable":true,"href":"https:\/\/www.skolungdom.fi\/en\/wp-json\/wp\/v2\/comments?post=8823"}],"version-history":[{"count":1,"href":"https:\/\/www.skolungdom.fi\/en\/wp-json\/wp\/v2\/posts\/8823\/revisions"}],"predecessor-version":[{"id":9266,"href":"https:\/\/www.skolungdom.fi\/en\/wp-json\/wp\/v2\/posts\/8823\/revisions\/9266"}],"wp:featuredmedia":[{"embeddable":true,"href":"https:\/\/www.skolungdom.fi\/en\/wp-json\/"}],"wp:attachment":[{"href":"https:\/\/www.skolungdom.fi\/en\/wp-json\/wp\/v2\/media?parent=8823"}],"wp:term":[{"taxonomy":"category","embeddable":true,"href":"https:\/\/www.skolungdom.fi\/en\/wp-json\/wp\/v2\/categories?post=8823"},{"taxonomy":"post_tag","embeddable":true,"href":"https:\/\/www.skolungdom.fi\/en\/wp-json\/wp\/v2\/tags?post=8823"}],"curies":[{"name":"wp","href":"https:\/\/api.w.org\/{rel}","templated":true}]}}