{"id":10307,"date":"2025-02-06T12:09:11","date_gmt":"2025-02-06T10:09:11","guid":{"rendered":"https:\/\/www.skolungdom.fi\/?p=10307"},"modified":"2025-05-08T13:55:02","modified_gmt":"2025-05-08T10:55:02","slug":"fss-mal-infor-kommunal-och-valfardsomradesvalen-lat-ungas-rost-leda-vagen","status":"publish","type":"post","link":"https:\/\/www.skolungdom.fi\/fi\/fss-mal-infor-kommunal-och-valfardsomradesvalen-lat-ungas-rost-leda-vagen\/","title":{"rendered":"FSS m\u00e5l inf\u00f6r kommunal -och v\u00e4lf\u00e4rdsomr\u00e5desvalen &#8211; L\u00e5t ungas r\u00f6st leda v\u00e4gen"},"content":{"rendered":"\n<div class=\"wp-block-uagb-advanced-heading uagb-block-a7bcdb50\"><h2 class=\"uagb-heading-text\"><strong>L\u00e5t ungas r\u00f6st leda v\u00e4gen<\/strong>    <\/h2><\/div>\n\n\n\n<p class=\"has-background\" style=\"background:linear-gradient(135deg,rgba(176,179,12,0.61) 18%,rgb(247,28,20) 100%)\">Finlands Svenska Skolungdomsf\u00f6rbund FSS rf bevakar de finlandssvenska skolungdomarnas intressen och arbetar f\u00f6r att f\u00f6rb\u00e4ttra skolungdomarnas vardag. Nedan f\u00f6ljer FSS m\u00e5ls\u00e4ttningar inf\u00f6r kommunal- och v\u00e4lf\u00e4rdsomr\u00e5desvalen 2025, dessa \u00e5tg\u00e4rder kr\u00e4ver vi att vidtas i kommunerna och v\u00e4lf\u00e4rdsomr\u00e5dena i Finland.&nbsp; Om du \u00e4r uppst\u00e4lld i valen 2025 och lovar att du som f\u00f6rtroendevald skulle arbeta f\u00f6r att v\u00e5ra m\u00e5ls\u00e4ttningar f\u00f6rverkligas kan du underteckna detta dokument <a href=\"https:\/\/forms.gle\/5EQjr2iiEVbPYAgj7\">H\u00c4R<\/a>. Samtliga kandidater som undertecknar FSS m\u00e5ls\u00e4ttningar syns p\u00e5 v\u00e5r hemsida och p\u00e5 v\u00e5ra sociala medier.&nbsp;<\/p>\n\n\n\n<div class=\"wp-block-media-text is-stacked-on-mobile is-vertically-aligned-top has-background\" style=\"background:linear-gradient(135deg,rgb(210,207,40) 0%,rgb(247,51,20) 100%)\"><figure class=\"wp-block-media-text__media\"><img data-dominant-color=\"7d6557\" data-has-transparency=\"false\" style=\"--dominant-color: #7d6557;\" loading=\"lazy\" decoding=\"async\" width=\"768\" height=\"1024\" src=\"https:\/\/www.skolungdom.fi\/wp-content\/uploads\/2025\/01\/53860703753_a4d266ca85_o-768x1024.jpg\" alt=\"\" class=\"wp-image-10225 size-full not-transparent\" srcset=\"https:\/\/www.skolungdom.fi\/wp-content\/uploads\/2025\/01\/53860703753_a4d266ca85_o-768x1024.jpg 768w, https:\/\/www.skolungdom.fi\/wp-content\/uploads\/2025\/01\/53860703753_a4d266ca85_o-225x300.jpg 225w, https:\/\/www.skolungdom.fi\/wp-content\/uploads\/2025\/01\/53860703753_a4d266ca85_o-1152x1536.jpg 1152w, https:\/\/www.skolungdom.fi\/wp-content\/uploads\/2025\/01\/53860703753_a4d266ca85_o-1536x2048.jpg 1536w, https:\/\/www.skolungdom.fi\/wp-content\/uploads\/2025\/01\/53860703753_a4d266ca85_o-1320x1760.jpg 1320w, https:\/\/www.skolungdom.fi\/wp-content\/uploads\/2025\/01\/53860703753_a4d266ca85_o-scaled.jpg 1920w\" sizes=\"auto, (max-width: 768px) 100vw, 768px\" \/><\/figure><div class=\"wp-block-media-text__content\">\n<p class=\"has-text-align-left has-medium-font-size\"><strong>De 3 centrala m\u00e5len<\/strong><\/p>\n\n\n\n<ul class=\"wp-block-list\">\n<li class=\"has-medium-font-size\">Utbildning<\/li>\n\n\n\n<li class=\"has-medium-font-size\">P\u00e5verkan<\/li>\n\n\n\n<li class=\"has-medium-font-size\">V\u00e4lm\u00e5ende<\/li>\n<\/ul>\n\n\n\n<p class=\"has-small-font-size\">I sin helhet handlar det om att prioritera h\u00f6gklassig utbildning och ungdomars framtid.  Att ge unga en stark r\u00f6st i samh\u00e4llet samt att satsa p\u00e5 ungas v\u00e4lm\u00e5ende och syssels\u00e4ttning.<\/p>\n\n\n\n<p style=\"font-size:12px\"><strong>F\u00f6r v\u00e4lf\u00e4rdsomr\u00e5det<\/strong> har vi specifika m\u00e5l som g\u00e4ller fr\u00e4mst tryggande av att f\u00e5 v\u00e5rd i tid samt f\u00f6rb\u00e4ttrande av f\u00f6rebyggande v\u00e5rd.<br><\/p>\n<\/div><\/div>\n\n\n\n<details class=\"wp-block-details has-white-color has-custom-fss-blue-red-gradient-gradient-background has-text-color has-background has-link-color has-large-font-size wp-elements-bb84b173eb0119da4f4276c5c7fade1f is-layout-flow wp-block-details-is-layout-flow\"><summary>Utbildning<\/summary>\n<p class=\"has-medium-font-size\">Ungas l\u00e4s-, skriv- och r\u00e4knef\u00e4rdigheter har kontinuerligt f\u00f6rs\u00e4mrats under de senaste dryga 20 \u00e5ren. Denna trend m\u00e5ste v\u00e4nda. F\u00f6r att h\u00f6ja ungas baskunskaper samt f\u00f6rst\u00e4rka inl\u00e4rningsresultaten beh\u00f6vs \u00e5tg\u00e4rder riktade mot utbildningens tillg\u00e4nglighet och kvalitet.<\/p>\n\n\n\n<p class=\"has-medium-font-size\">Vi vill att:<\/p>\n\n\n\n<ul class=\"wp-block-list\">\n<li class=\"has-medium-font-size\">Det erbjuds<strong> h\u00f6gklassig<\/strong> utbildning i trygga inl\u00e4rningsmilj\u00f6er med fokus p\u00e5 l\u00e4s- och skrivkunnighet.<\/li>\n<\/ul>\n\n\n\n<ul class=\"wp-block-list\">\n<li class=\"has-medium-font-size\">Antalet studerande per grupp eller <strong>klass<\/strong> <strong>inte \u00f6verskrider 20.<\/strong><\/li>\n<\/ul>\n\n\n\n<ul class=\"wp-block-list\">\n<li class=\"has-medium-font-size\"><strong>L\u00e4ttillg\u00e4ngligt st\u00f6d<\/strong> erbjuds f\u00f6r elever och studerande som beh\u00f6ver det under sina studier exempelvis i form av studiehandledning eller specialundervisning<\/li>\n<\/ul>\n\n\n\n<ul class=\"wp-block-list\">\n<li class=\"has-medium-font-size\">Tillg\u00e5ngen till<strong> fysiska l\u00e4romedel<\/strong> och l\u00e4romedel p\u00e5 <strong>svenska<\/strong> s\u00e4kerst\u00e4lls.<\/li>\n<\/ul>\n\n\n\n<ul class=\"wp-block-list\">\n<li class=\"has-medium-font-size\"><strong>Kostnadsfri<\/strong> <strong>utbildning <\/strong>f\u00f6rverkligas; fr\u00e5n datorer till studentexamen<\/li>\n<\/ul>\n\n\n\n<ul class=\"wp-block-list\">\n<li class=\"has-medium-font-size\">F\u00f6rb\u00e4ttra <strong>skolmatens<\/strong> kvalitet och h\u00f6ja dess budget speciellt i vegetarisk kost<\/li>\n\n\n\n<li class=\"has-medium-font-size\" style=\"margin-top:var(--wp--preset--spacing--40);margin-bottom:var(--wp--preset--spacing--40)\">Andra stadiet erbjuder <strong>studier som ger konkreta livsf\u00e4rdigheter<\/strong>, som exempelvis privatekonomi.<br><\/li>\n<\/ul>\n<\/details>\n\n\n\n<details class=\"wp-block-details has-white-color has-custom-fss-blue-red-gradient-gradient-background has-text-color has-background has-link-color has-large-font-size wp-elements-afcceff567951f9a92eea30ec966c3b7 is-layout-flow wp-block-details-is-layout-flow\"><summary>P\u00e5verkan<\/summary>\n<p class=\"has-medium-font-size\">F\u00f6r att effektivt kunna identifiera ungas behov och utmaningar beh\u00f6ver ungas r\u00f6st h\u00f6ras. Demokratin st\u00e4rks d\u00e5 en st\u00f6rre del av samh\u00e4llet \u00e4r inkluderat i beslutsfattandet. Unga, som utg\u00f6r cirka en tredjedel av Finlands befolkning, lyser f\u00f6r tillf\u00e4llet med sin fr\u00e5nvaro inom detta omr\u00e5de. F\u00f6r att tackla befintliga problem som svaga l\u00e4s- och skrivkunskaper samt bristande v\u00e4lm\u00e5ende beh\u00f6ver vi lyssna till vad de unga beh\u00f6ver. Inte enbart ska unga inkluderas i beslutsfattandet, utan kommunerna b\u00f6r \u00e4ven aktivt arbeta f\u00f6r att inkludera dem i samh\u00e4llet som helhet.<\/p>\n\n\n\n<p class=\"has-medium-font-size\">Vi vill att:<\/p>\n\n\n\n<ul class=\"wp-block-list\">\n<li class=\"has-medium-font-size\"><strong>Ungdomar ska inkluderas i beslutsfattande<\/strong> och h\u00f6ras innan beslut som ber\u00f6r dem fattas<\/li>\n<\/ul>\n\n\n\n<ul class=\"wp-block-list\">\n<li class=\"has-medium-font-size\"><strong>Valen g\u00f6rs mera tillg\u00e4ngliga f\u00f6r ungdomar!<\/strong>&nbsp;<br>Vallokaler b\u00f6r placeras p\u00e5 st\u00e4llen d\u00e4r ungdomar vistas samt ska en pilotomg\u00e5ng av <strong>16 \u00e5rs r\u00f6str\u00e4tt<\/strong> och digitaliserade val genomf\u00f6ras<\/li>\n<\/ul>\n\n\n\n<ul class=\"wp-block-list\">\n<li class=\"has-medium-font-size\"><strong>Ungdomsfullm\u00e4ktige<\/strong> f\u00e5r reella p\u00e5verkningsm\u00f6jligheter p\u00e5 b\u00e5da inhemska spr\u00e5ken och \u00e4ndam\u00e5lsenliga resurser. Ungdomsfullm\u00e4ktige ska ha m\u00f6jlighet att utse en representant till alla kommunens beslutande organ.<\/li>\n<\/ul>\n\n\n\n<ul class=\"wp-block-list\">\n<li class=\"has-medium-font-size\">Det finns b\u00e4ttre <strong>p\u00e5verkningsm\u00f6jligheter f\u00f6r studerandek\u00e5rer -och styrelser.<\/strong><\/li>\n<\/ul>\n\n\n\n<ul class=\"wp-block-list\">\n<li class=\"has-medium-font-size\">Tillg\u00e5ngen till fysiska l\u00e4romedel och l\u00e4romedel p\u00e5 svenska s\u00e4kerst\u00e4lls.<\/li>\n<\/ul>\n\n\n\n<ul class=\"wp-block-list\">\n<li class=\"has-medium-font-size\">Kommunerna fokuserar p\u00e5 <strong>klimatm\u00e5len<\/strong>.<\/li>\n<\/ul>\n\n\n\n<ul class=\"wp-block-list\">\n<li class=\"has-medium-font-size\">Kommunerna satsar p\u00e5 att<strong> <\/strong>fr\u00e4mja<strong> j\u00e4mlikhet och arbetar mot rasism<\/strong>.<br><\/li>\n<\/ul>\n<\/details>\n\n\n\n<details class=\"wp-block-details has-white-color has-custom-fss-blue-red-gradient-gradient-background has-text-color has-background has-link-color has-large-font-size wp-elements-3b338e6457007b3f0f22ff732111fa04 is-layout-flow wp-block-details-is-layout-flow\"><summary>V\u00e4lm\u00e5ende<\/summary>\n<p class=\"has-medium-font-size\">Enligt nuorisobarometri 2023 har omkring 40% av unga i \u00e5ldern 15-29 l\u00e5tit bli att skaffa n\u00f6dv\u00e4ndiga saker eller\/och l\u00e5tit bli att b\u00f6rja med en ny hobby till f\u00f6ljd av brist p\u00e5 pengar. Cirka 30% av m\u00e5lgruppen har vid n\u00e5got tillf\u00e4lle l\u00e5tit bli att tr\u00e4ffa v\u00e4nner eller\/och har slutat en hobby till f\u00f6ljd av pengabrist.&nbsp;En negativt upplevd h\u00e4lsa bland unga har \u00f6kat kontinuerligt sedan \u00e5r 2015. Tyv\u00e4rr \u00e5terspeglar den negativt upplevda h\u00e4lsan verkligheten.<\/p>\n\n\n\n<p class=\"has-medium-font-size\">Vi vill att:<\/p>\n\n\n\n<ul class=\"wp-block-list\">\n<li class=\"has-medium-font-size\"><strong>Kostnadsfria hobbyer<\/strong> erbjudas \u00e5t alla studerande<\/li>\n<\/ul>\n\n\n\n<ul class=\"wp-block-list\">\n<li class=\"has-medium-font-size\">Kommunerna ska fr\u00e4mja <strong>ungas syssels\u00e4ttning<\/strong> genom att st\u00e4rka kopplingen mellan utbildning och arbetsliv samt erbjuda tillr\u00e4ckligt st\u00f6d och v\u00e4gledning. Det ska finnas m\u00f6jligheter s\u00e5som sommarsedlar, arbetspr\u00f6vningsplatser och verkst\u00e4der. <strong>All arbete ska vara betalt. <\/strong>Dessutom b\u00f6r kommunerna aktivt st\u00f6dja <strong>ungas f\u00f6retagande<\/strong> och s\u00e4kerst\u00e4lla fler v\u00e4gar till sommarjobb.<\/li>\n<\/ul>\n\n\n\n<ul class=\"wp-block-list\">\n<li class=\"has-medium-font-size\"><strong>Fler l\u00e4genheter <\/strong>f\u00f6r unga<strong> <\/strong>med l\u00e5ga inkomster ska byggas i kommunerna<\/li>\n<\/ul>\n\n\n\n<ul class=\"wp-block-list\">\n<li class=\"has-medium-font-size\">Kommunen ska satsa p\u00e5<strong> trivsamma, kostnadsfria och trygga milj\u00f6er<\/strong> d\u00e4r unga kan vistas p\u00e5 fritiden. Kommunerna ska \u00f6ka p\u00e5 <strong>m\u00e4ngden ungdomslokaler<\/strong>.<\/li>\n<\/ul>\n\n\n\n<ul class=\"wp-block-list\">\n<li class=\"has-medium-font-size\"><strong>Ungdomsarbetet <\/strong>ska tryggas med tillr\u00e4ckliga resurser. Tv\u00e5spr\u00e5kiga kommuner ska ha verksamhet p\u00e5 svenska p\u00e5 lika villkor som p\u00e5 finska. Enspr\u00e5kiga kommuner ska ocks\u00e5 ta b\u00e4gge inhemska spr\u00e5ken i beaktande.<\/li>\n<\/ul>\n\n\n\n<ul class=\"wp-block-list\">\n<li class=\"has-medium-font-size\" style=\"margin-top:var(--wp--preset--spacing--40);margin-bottom:var(--wp--preset--spacing--40)\"><strong>Gratis mensskydd <\/strong>ska erbjudas i skolor samt ungdomslokaler<\/li>\n\n\n\n<li class=\"has-medium-font-size\" style=\"margin-top:var(--wp--preset--spacing--50);margin-bottom:var(--wp--preset--spacing--50)\">Unga ska erbjudas information, v\u00e4gledning och utbildning om <strong>mental oh\u00e4lsa<\/strong>.<\/li>\n\n\n\n<li class=\"has-medium-font-size\" style=\"margin-top:var(--wp--preset--spacing--40);margin-bottom:var(--wp--preset--spacing--40)\">Kommuner ska \u00e5tg\u00e4rda problem med<strong> inomhusluft<\/strong>, m\u00f6gel och dylikt i sina undervisningsutrymmen s\u00e5 snabbt s\u00e5dana problem uppt\u00e4cks. Studerandes h\u00e4lsa ska prioriteras framf\u00f6r skolbyggnaders museiskydd.<\/li>\n<\/ul>\n\n\n\n<ul class=\"wp-block-list\">\n<li class=\"has-medium-font-size\">Det ska finnas<strong> skolcoacher<\/strong> i varje skola som fungerar som trygga vuxna utanf\u00f6r undervisningen.<br><\/li>\n<\/ul>\n<\/details>\n\n\n\n<details class=\"wp-block-details has-white-color has-blush-bordeaux-gradient-background has-text-color has-background has-link-color has-large-font-size wp-elements-21f2e705cc80209d86efa586b6c7656e is-layout-flow wp-block-details-is-layout-flow\"><summary>V\u00e4lf\u00e4rdsomr\u00e5de<\/summary>\n<p class=\"has-medium-font-size\">FSS specifika m\u00e5l inf\u00f6r v\u00e4lf\u00e4rdsomr\u00e5de:<br><br>Alla unga har r\u00e4tt till god h\u00e4lsa, men i dag f\u00e5r m\u00e5nga inte den hj\u00e4lp de beh\u00f6ver. Psykisk oh\u00e4lsa och bristande f\u00f6rebyggande v\u00e5rd skapar hinder f\u00f6r unga att m\u00e5 bra och utvecklas. Vi m\u00e5ste prioritera ungas h\u00e4lsa, s\u00e4kerst\u00e4lla tillg\u00e5ngen till v\u00e5rd och f\u00f6rb\u00e4ttra det f\u00f6rebyggande arbetet.<\/p>\n\n\n\n<p class=\"has-medium-font-size\">Vi vill att:<\/p>\n\n\n\n<ul class=\"wp-block-list\">\n<li class=\"has-medium-font-size\">Det finns<strong> l\u00e4ttillg\u00e4nglig h\u00e4lsov\u00e5rd<\/strong>, \u00e4ven med satsningar p\u00e5 mentalv\u00e5rd f\u00f6r unga.&nbsp;&nbsp;<\/li>\n<\/ul>\n\n\n\n<ul class=\"wp-block-list\">\n<li class=\"has-medium-font-size\"><strong>Terapigarantin<\/strong> f\u00e5r tillr\u00e4ckliga resurser f\u00f6r att uppfylla sitt syfte.<\/li>\n<\/ul>\n\n\n\n<ul class=\"wp-block-list\">\n<li class=\"has-medium-font-size\"><strong>Digitala st\u00f6dchattar <\/strong>ska f\u00e5 \u00f6kat underst\u00f6d f\u00f6r att kunna erbjuda \u00e4ndam\u00e5lsenlig hj\u00e4lp.<\/li>\n<\/ul>\n\n\n\n<ul class=\"wp-block-list\">\n<li class=\"has-medium-font-size\"><strong>St\u00f6d g\u00e4llande v\u00e4lm\u00e5ende och h\u00e4lsa<\/strong> ska erbjudas p\u00e5<strong> <\/strong>b\u00e5da <strong>inhemska spr\u00e5ken<\/strong> och<strong> engelska.<\/strong><\/li>\n<\/ul>\n\n\n\n<ul class=\"wp-block-list\">\n<li class=\"has-medium-font-size\"><strong>Ungdomsarbetet <\/strong>ska tryggas med tillr\u00e4ckliga resurser. Tv\u00e5spr\u00e5kiga kommuner ska ha verksamhet p\u00e5 svenska p\u00e5 lika villkor som p\u00e5 finska. Enspr\u00e5kiga kommuner ska ocks\u00e5 ta b\u00e4gge inhemska spr\u00e5ken i beaktande.<\/li>\n<\/ul>\n\n\n\n<ul class=\"wp-block-list\">\n<li class=\"has-medium-font-size\" style=\"margin-top:var(--wp--preset--spacing--40);margin-bottom:var(--wp--preset--spacing--40)\"><strong>Kostnadsfria preventivmedel<\/strong> upp till 29-\u00e5riga ska garanteras.<\/li>\n\n\n\n<li class=\"has-medium-font-size\" style=\"margin-top:var(--wp--preset--spacing--50);margin-bottom:var(--wp--preset--spacing--50)\">Kommuner och v\u00e4lf\u00e4rdsomr\u00e5den samarbetar f\u00f6r att skapa enhetliga servicekedjor inom studerandev\u00e5rden och ungdomsarbetet.<\/li>\n\n\n\n<li class=\"has-medium-font-size\" style=\"margin-top:var(--wp--preset--spacing--40);margin-bottom:var(--wp--preset--spacing--40)\"><strong>Mentalv\u00e5rd ska vara l\u00e4ttillg\u00e4nglig i skolorna<\/strong> och skolpsykologen ska finnas fysiskt p\u00e5 plats i byggnaden.<\/li>\n\n\n\n<li class=\"has-medium-font-size\">Man ska kunna f\u00e5<strong> v\u00e5rd inom 1 vecka <\/strong>g\u00e4llande b\u00e5de psykisk och fysisk h\u00e4lsa.<\/li>\n<\/ul>\n\n\n\n<ul class=\"wp-block-list\">\n<li class=\"has-medium-font-size\">V\u00e4lf\u00e4rdsomr\u00e5dena ska kommunicera tydligt om sin verksamhet<br><\/li>\n<\/ul>\n<\/details>\n\n\n\n<p class=\"has-white-color has-text-color has-link-color has-medium-font-size wp-elements-266dd2dad4b2ef0618ecaff33dc09145\">Ifall du \u00e4r en kandidat och vill st\u00e5 f\u00f6r FSS m\u00e5l kan du binda dig f\u00f6r v\u00e5ra m\u00e5l <strong><a href=\"https:\/\/forms.gle\/qi63Fy4FoBEzdyQt6\" data-type=\"link\" data-id=\"https:\/\/forms.gle\/qi63Fy4FoBEzdyQt6\" target=\"_blank\" rel=\"noreferrer noopener\">H\u00c4R:<\/a><\/strong><br><\/p>\n\n\n\n<p class=\"has-medium-font-size\">Hela<a href=\"https:\/\/www.skolungdom.fi\/wp-content\/uploads\/2025\/02\/Mal-infor-kommunalval-och-valfardsomradesval.pdf\" data-type=\"link\" data-id=\"https:\/\/www.skolungdom.fi\/wp-content\/uploads\/2025\/02\/Mal-infor-kommunalval-och-valfardsomradesval.pdf\"> FSS m\u00e5l inf\u00f6r kommunal -och v\u00e4lf\u00e4rdsomr\u00e5desvalen<\/a> i sin helhet -&gt;<\/p>\n\n\n\n<div class=\"wp-block-buttons is-content-justification-center is-layout-flex wp-container-core-buttons-is-layout-a89b3969 wp-block-buttons-is-layout-flex\">\n<div class=\"wp-block-button\"><a class=\"wp-block-button__link wp-element-button\" href=\"https:\/\/www.skolungdom.fi\/wp-content\/uploads\/2025\/02\/Mal-infor-kommunalval-och-valfardsomradesval.pdf\" target=\"_blank\" rel=\"noreferrer noopener\"><mark style=\"background-color:rgba(0, 0, 0, 0)\" class=\"has-inline-color has-custom-fss-yellow-color\">FSS m\u00e5l inf\u00f6r kommunal -och v\u00e4lf\u00e4rdsomr\u00e5desvalen<\/mark><\/a><\/div>\n<\/div>\n\n\n\n<p><\/p>\n","protected":false},"excerpt":{"rendered":"<p>L\u00e5t ungas r\u00f6st leda v\u00e4gen Finlands Svenska Skolungdomsf\u00f6rbund FSS rf bevakar de finlandssvenska skolungdomarnas intressen och arbetar f\u00f6r att f\u00f6rb\u00e4ttra skolungdomarnas vardag. Nedan f\u00f6ljer FSS m\u00e5ls\u00e4ttningar inf\u00f6r kommunal- och v\u00e4lf\u00e4rdsomr\u00e5desvalen [&hellip;]<\/p>\n","protected":false},"author":5,"featured_media":10200,"comment_status":"closed","ping_status":"closed","sticky":false,"template":"","format":"standard","meta":{"_uag_custom_page_level_css":"","_EventAllDay":false,"_EventTimezone":"","_EventStartDate":"","_EventEndDate":"","_EventStartDateUTC":"","_EventEndDateUTC":"","_EventShowMap":false,"_EventShowMapLink":false,"_EventURL":"","_EventCost":"","_EventCostDescription":"","_EventCurrencySymbol":"","_EventCurrencyCode":"","_EventCurrencyPosition":"","_EventDateTimeSeparator":"","_EventTimeRangeSeparator":"","_EventOrganizerID":[],"_EventVenueID":[],"_OrganizerEmail":"","_OrganizerPhone":"","_OrganizerWebsite":"","_VenueAddress":"","_VenueCity":"","_VenueCountry":"","_VenueProvince":"","_VenueState":"","_VenueZip":"","_VenuePhone":"","_VenueURL":"","_VenueStateProvince":"","_VenueLat":"","_VenueLng":"","_VenueShowMap":false,"_VenueShowMapLink":false,"footnotes":""},"categories":[107,705,731],"tags":[725,231,732],"class_list":["post-10307","post","type-post","status-publish","format-standard","has-post-thumbnail","hentry","category-aktuellt","category-just-nu","category-val","tag-aktuellt","tag-just-nu","tag-val"],"uagb_featured_image_src":{"full":["https:\/\/www.skolungdom.fi\/wp-content\/uploads\/2024\/12\/FSS-kommunalvalsmal_1.png",2160,2160,false],"thumbnail":["https:\/\/www.skolungdom.fi\/wp-content\/uploads\/2024\/12\/FSS-kommunalvalsmal_1-150x150.png",150,150,true],"medium":["https:\/\/www.skolungdom.fi\/wp-content\/uploads\/2024\/12\/FSS-kommunalvalsmal_1-300x300.png",300,300,true],"medium_large":["https:\/\/www.skolungdom.fi\/wp-content\/uploads\/2024\/12\/FSS-kommunalvalsmal_1-768x768.png",768,768,true],"large":["https:\/\/www.skolungdom.fi\/wp-content\/uploads\/2024\/12\/FSS-kommunalvalsmal_1-1024x1024.png",1024,1024,true],"1536x1536":["https:\/\/www.skolungdom.fi\/wp-content\/uploads\/2024\/12\/FSS-kommunalvalsmal_1-1536x1536.png",1536,1536,true],"2048x2048":["https:\/\/www.skolungdom.fi\/wp-content\/uploads\/2024\/12\/FSS-kommunalvalsmal_1-2048x2048.png",2048,2048,true],"mailpoet_newsletter_max":["https:\/\/www.skolungdom.fi\/wp-content\/uploads\/2024\/12\/FSS-kommunalvalsmal_1-1320x1320.png",1320,1320,true]},"uagb_author_info":{"display_name":"Niko Partanen","author_link":"https:\/\/www.skolungdom.fi\/fi\/author\/nikopartanen\/"},"uagb_comment_info":0,"uagb_excerpt":"L\u00e5t ungas r\u00f6st leda v\u00e4gen Finlands Svenska Skolungdomsf\u00f6rbund FSS rf bevakar de finlandssvenska skolungdomarnas intressen och arbetar f\u00f6r att f\u00f6rb\u00e4ttra skolungdomarnas vardag. Nedan f\u00f6ljer FSS m\u00e5ls\u00e4ttningar inf\u00f6r kommunal- och v\u00e4lf\u00e4rdsomr\u00e5desvalen [&hellip;]","_links":{"self":[{"href":"https:\/\/www.skolungdom.fi\/fi\/wp-json\/wp\/v2\/posts\/10307","targetHints":{"allow":["GET"]}}],"collection":[{"href":"https:\/\/www.skolungdom.fi\/fi\/wp-json\/wp\/v2\/posts"}],"about":[{"href":"https:\/\/www.skolungdom.fi\/fi\/wp-json\/wp\/v2\/types\/post"}],"author":[{"embeddable":true,"href":"https:\/\/www.skolungdom.fi\/fi\/wp-json\/wp\/v2\/users\/5"}],"replies":[{"embeddable":true,"href":"https:\/\/www.skolungdom.fi\/fi\/wp-json\/wp\/v2\/comments?post=10307"}],"version-history":[{"count":7,"href":"https:\/\/www.skolungdom.fi\/fi\/wp-json\/wp\/v2\/posts\/10307\/revisions"}],"predecessor-version":[{"id":10456,"href":"https:\/\/www.skolungdom.fi\/fi\/wp-json\/wp\/v2\/posts\/10307\/revisions\/10456"}],"wp:featuredmedia":[{"embeddable":true,"href":"https:\/\/www.skolungdom.fi\/fi\/wp-json\/wp\/v2\/media\/10200"}],"wp:attachment":[{"href":"https:\/\/www.skolungdom.fi\/fi\/wp-json\/wp\/v2\/media?parent=10307"}],"wp:term":[{"taxonomy":"category","embeddable":true,"href":"https:\/\/www.skolungdom.fi\/fi\/wp-json\/wp\/v2\/categories?post=10307"},{"taxonomy":"post_tag","embeddable":true,"href":"https:\/\/www.skolungdom.fi\/fi\/wp-json\/wp\/v2\/tags?post=10307"}],"curies":[{"name":"wp","href":"https:\/\/api.w.org\/{rel}","templated":true}]}}