{"id":5480,"date":"2022-05-09T13:03:06","date_gmt":"2022-05-09T10:03:06","guid":{"rendered":"https:\/\/skolungdom.fi\/?p=5480"},"modified":"2022-05-09T13:03:06","modified_gmt":"2022-05-09T10:03:06","slug":"niko-partanen-styrelsekandidat","status":"publish","type":"post","link":"https:\/\/www.skolungdom.fi\/fi\/niko-partanen-styrelsekandidat\/","title":{"rendered":"Niko Partanen &#8211; styrelsekandidat"},"content":{"rendered":"\n<figure class=\"wp-block-image size-large is-resized is-style-default\"><img loading=\"lazy\" decoding=\"async\" src=\"https:\/\/skolungdom.fi\/wp-content\/uploads\/2022\/05\/4-1-700x1244.jpg\" alt=\"\" class=\"wp-image-5481\" width=\"308\" height=\"547\"\/><\/figure>\n\n\n\n<p><strong>Vilken roll tar du i en grupp?<\/strong><\/p>\n\n\n\n<p>Jag \u00e4r oftast den som vill ha saker och ting gjort men tycker \u00e4nd\u00e5 att diskussion \u00e4r v\u00e4ldigt viktigt och att alla f\u00e5r s\u00e4ga sin \u00e5sikt. F\u00f6r jag tycker inte att hastade beslut \u00e4r bra eftersom d\u00e5 kan det h\u00e4nda att alla inte blir h\u00f6rda.<\/p>\n\n\n\n<p><strong>Vad tycker du att FSS kunde g\u00f6ra f\u00f6r att n\u00e5 ut till flera ungdomar i Svenskfinland?<\/strong><\/p>\n\n\n\n<p>Jag tycker man kunde f\u00f6rs\u00f6ka f\u00e5 lite mera synlighet via Some men bes\u00f6ken i skolan kan kanske ocks\u00e5 hj\u00e4lpa till det h\u00e4r. Man kunde ocks\u00e5 f\u00e5 FSS lite mera intresserande till ungdomar s\u00e5 att alla inte bara tror typ att FSS \u00e4r bara politik.<\/p>\n\n\n\n<p><strong>Vad skulle du vela utveckla inom utbildningen just nu? Till exempel hur ett visst \u00e4mne undervisas, hur studerande bem\u00f6ts av l\u00e4rare, etc.<\/strong><\/p>\n\n\n\n<p>Jag har flera \u00e5sikter om saker som kunde f\u00f6rb\u00e4ttras. Ena \u00e4r att eleverna verkligen skulle ha tid att planera vad de vill skriva. Kanske \u00e4r det ocks\u00e5 lite fel att ettorna ska veta n\u00e4stan genast efter ettan att vad de ska skriva allts\u00e5 det kunde tygas mera till ettorna att man hinner \u00e4nnu p\u00e5 abi \u00e5ret v\u00e4lja vad man skriver. Men st\u00f6rsta kanske ocks\u00e5 \u00e4r l\u00e4ropliktsreformen som r\u00f6r nu ettorna. Sj\u00e4lv \u00e4r jag i ettan och \u00e4r n\u00f6jd f\u00f6r att vi f\u00e5r gratis l\u00e4romedel etc. Men sedan s\u00e5 finns det b\u00f6cker som inte \u00e4r klart \u00f6versatta. Matta kurserna \u00e4r fullt med bara nya kapitel s\u00e5 man hinner knappa p\u00e5 g\u00e5 igenom allt. Yrkesutbildningen har ocks\u00e5 gl\u00f6mts d\u00e5 l\u00e4ropliktsreformen kom till.<\/p>\n","protected":false},"excerpt":{"rendered":"<p>Vilken roll tar du i en grupp? Jag \u00e4r oftast den som vill ha saker och ting gjort men tycker \u00e4nd\u00e5 att diskussion \u00e4r v\u00e4ldigt viktigt och att alla f\u00e5r [&hellip;]<\/p>\n","protected":false},"author":2,"featured_media":0,"comment_status":"closed","ping_status":"open","sticky":false,"template":"","format":"standard","meta":{"_uag_custom_page_level_css":"","_EventAllDay":false,"_EventTimezone":"","_EventStartDate":"","_EventEndDate":"","_EventStartDateUTC":"","_EventEndDateUTC":"","_EventShowMap":false,"_EventShowMapLink":false,"_EventURL":"","_EventCost":"","_EventCostDescription":"","_EventCurrencySymbol":"","_EventCurrencyCode":"","_EventCurrencyPosition":"","_EventDateTimeSeparator":"","_EventTimeRangeSeparator":"","_EventOrganizerID":[],"_EventVenueID":[],"_OrganizerEmail":"","_OrganizerPhone":"","_OrganizerWebsite":"","_VenueAddress":"","_VenueCity":"","_VenueCountry":"","_VenueProvince":"","_VenueState":"","_VenueZip":"","_VenuePhone":"","_VenueURL":"","_VenueStateProvince":"","_VenueLat":"","_VenueLng":"","_VenueShowMap":false,"_VenueShowMapLink":false,"footnotes":""},"categories":[110],"tags":[],"class_list":["post-5480","post","type-post","status-publish","format-standard","hentry","category-dold"],"uagb_featured_image_src":{"full":false,"thumbnail":false,"medium":false,"medium_large":false,"large":false,"1536x1536":false,"2048x2048":false,"mailpoet_newsletter_max":false},"uagb_author_info":{"display_name":"Skolungdom","author_link":"https:\/\/www.skolungdom.fi\/fi\/author\/skolungdom\/"},"uagb_comment_info":0,"uagb_excerpt":"Vilken roll tar du i en grupp? Jag \u00e4r oftast den som vill ha saker och ting gjort men tycker \u00e4nd\u00e5 att diskussion \u00e4r v\u00e4ldigt viktigt och att alla f\u00e5r [&hellip;]","_links":{"self":[{"href":"https:\/\/www.skolungdom.fi\/fi\/wp-json\/wp\/v2\/posts\/5480","targetHints":{"allow":["GET"]}}],"collection":[{"href":"https:\/\/www.skolungdom.fi\/fi\/wp-json\/wp\/v2\/posts"}],"about":[{"href":"https:\/\/www.skolungdom.fi\/fi\/wp-json\/wp\/v2\/types\/post"}],"author":[{"embeddable":true,"href":"https:\/\/www.skolungdom.fi\/fi\/wp-json\/wp\/v2\/users\/2"}],"replies":[{"embeddable":true,"href":"https:\/\/www.skolungdom.fi\/fi\/wp-json\/wp\/v2\/comments?post=5480"}],"version-history":[{"count":0,"href":"https:\/\/www.skolungdom.fi\/fi\/wp-json\/wp\/v2\/posts\/5480\/revisions"}],"wp:attachment":[{"href":"https:\/\/www.skolungdom.fi\/fi\/wp-json\/wp\/v2\/media?parent=5480"}],"wp:term":[{"taxonomy":"category","embeddable":true,"href":"https:\/\/www.skolungdom.fi\/fi\/wp-json\/wp\/v2\/categories?post=5480"},{"taxonomy":"post_tag","embeddable":true,"href":"https:\/\/www.skolungdom.fi\/fi\/wp-json\/wp\/v2\/tags?post=5480"}],"curies":[{"name":"wp","href":"https:\/\/api.w.org\/{rel}","templated":true}]}}