{"id":5855,"date":"2022-12-09T14:39:37","date_gmt":"2022-12-09T12:39:37","guid":{"rendered":"https:\/\/skolungdom.fi\/?p=5855"},"modified":"2022-12-09T14:39:37","modified_gmt":"2022-12-09T12:39:37","slug":"europaaret-2022-ungdomsforeningarnas-tre-teser-och-losningar","status":"publish","type":"post","link":"https:\/\/www.skolungdom.fi\/fi\/europaaret-2022-ungdomsforeningarnas-tre-teser-och-losningar\/","title":{"rendered":"Europa\u00e5ret 2022 \u2013 Ungdomsf\u00f6reningarnas tre teser och l\u00f6sningar"},"content":{"rendered":"\n<h3 class=\"wp-block-heading\">Finska ungdomsorganisationer formulerade teser f\u00f6r att st\u00e4rka ungdomars inkludering och v\u00e4lbefinnande &#8211; Kr\u00e4ver \u00e5tg\u00e4rder fr\u00e5n politiska beslutsfattare i Finland och Europa<\/h3>\n\n\n\n<p>30.11.2022 | Utbildningsstyrelsen<\/p>\n\n\n\n<p>Den 30 november 2022 publicerades de teser som 20 framst\u00e5ende finl\u00e4ndska ungdomsorganisationer har formulerat och skrivit under tillsammans. Teserna sammanst\u00e4lldes i en workshop den 11 november 2022 och de f\u00e4rdiga teserna \u00f6verl\u00e4mnades till Europaminister Tytti Tuppurainen. FSS var med och sammanst\u00e4llde teserna.<\/p>\n\n\n\n<figure class=\"wp-block-image size-large is-resized\"><img loading=\"lazy\" decoding=\"async\" src=\"https:\/\/www.skolungdom.fi\/wp-content\/uploads\/2022\/12\/Europavuosi_ungdomsorganisationer-700x416.jpg\" alt=\"\" class=\"wp-image-5856\" width=\"700\" height=\"416\"\/><figcaption class=\"wp-element-caption\"><strong>Europaminister Tytti Tuppurainen med ungdomsorganisationernas representanter. Fotograf: Niina Rodionoff<\/strong><\/figcaption><\/figure>\n\n\n\n<p>M\u00e5let med Europa\u00e5ret f\u00f6r ungdomar \u00e4r att h\u00f6ja ungas r\u00f6ster i beslutsfattandet och ge en best\u00e5ende inverkan p\u00e5 ungdomars deltagande. Finska ungdomar \u00e4r i allm\u00e4nhet positivt inst\u00e4llda till EU, och de intresserar sig alltmer f\u00f6r politik och samh\u00e4lle. Unga hamnar dock ofta \u00e5t sidan n\u00e4r beslut fattas i fr\u00e5gor som \u00e4r viktiga f\u00f6r dem. Arvet fr\u00e5n tema\u00e5ret b\u00f6r vara konkreta och effektiva \u00e5tg\u00e4rder som st\u00f6djer ungas deltagande i demokratiskt beslutsfattande. Europeiska unionen ska se ut som unga och unga ska k\u00e4nna att unionen ocks\u00e5 \u00e4r deras.<\/p>\n\n\n\n<p>Finska ungdomsorganisationer samlades fredagen den 11 november 2022 f\u00f6r att diskutera hur man kan g\u00f6ra tema\u00e5rets arv h\u00e5llbart.<\/p>\n\n\n\n<p>Under workshopen formulerade organisationerna tre gemensamma teser och l\u00f6sningar som de vill att beslutsfattare ska binda sig till i Finland och EU. De f\u00e4rdiga avhandlingarna \u00f6verl\u00e4mnades till Europaminister Tytti Tuppurainen i ett rundabordssamtal som h\u00f6lls samma dag.<\/p>\n\n\n\n<p>Huvudteserna var f\u00f6ljande:<\/p>\n\n\n\n<ol class=\"wp-block-list\" type=\"1\" start=\"1\">\n<li><strong>Ingen &#8221;ungdomstv\u00e4tt&#8221; utan verklig p\u00e5verkan<\/strong><strong><\/strong><\/li>\n\n\n\n<li><strong>Man m\u00e5ste ta hand om de unga nu och minska framtidens os\u00e4kerhetsfaktorer<\/strong><strong><\/strong><\/li>\n\n\n\n<li><strong>Vi beh\u00f6ver ett enhetligt&nbsp;EU som agerar i enlighet med sina v\u00e4rderingar f\u00f6r att l\u00f6sa v\u00e5r tids och framtidens br\u00e4nnande utmaningar<\/strong><strong><\/strong><\/li>\n<\/ol>\n\n\n\n<p>Teserna och l\u00f6sningarna finns i sin helhet p\u00e5 <a href=\"https:\/\/www.oph.fi\/sv\/temaarets-arv-ungdomsorganisationernas-teser-till-beslutsfattare\" target=\"_blank\" rel=\"noreferrer noopener\">Europa\u00e5ret f\u00f6r ungdomars webbplats<\/a>.<\/p>\n\n\n\n<p>De representerade parterna \u00e4r:&nbsp;Allianssi, Allianssis EU-ungdomsdelegat, Unga Europ\u00e9er, European Youth Parliament Finland, Finlands Svenska Skolungdomsf\u00f6rbund FSS, Samlingspartiets Ungdomsf\u00f6rbund, Sametingets ungdomsr\u00e5d, Seta, Socialdemokratisk Ungdom rf, Finlands Yrkesstuderandes F\u00f6rbund &#8211; SAKKI rf, Suomen Keskustanuoret ry, Finlands Kristdemokratiska Unga, Finlands Ungdomsfullm\u00e4ktiges F\u00f6rbund rf, Suomen Opiskelija-Allianssi OSKU ry, Finlands studerandek\u00e5rers f\u00f6rbund &#8211; SAMOK rf, Finlands Scouter, Suomen Somalia-verkosto, Finlands studentk\u00e5rers f\u00f6rbund (FSF) rf, Svensk Ungdom, V\u00e4nsterunga&nbsp;<\/p>\n\n\n\n<p><\/p>\n\n\n\n<p><strong>Till\u00e4ggsinformation:<\/strong><\/p>\n\n\n\n<p>Cecila Huhtala, Ordf\u00f6rande, Finlands Svenska Skolungdomsf\u00f6rbund<\/p>\n\n\n\n<p>044 980 7553, <a href=\"mailto:cecilia.huhtala@skolungdom.fi\">cecilia.huhtala@skolungdom.fi<\/a><\/p>\n\n\n\n<p>Anna Peltoniemi, projektchef, Europa\u00e5ret f\u00f6r ungdomar<\/p>\n\n\n\n<p>050 472 5484, <a href=\"mailto:anna.peltoniemi@oph.fi\">anna.peltoniemi@oph.fi<\/a><\/p>\n\n\n\n<p><strong>L\u00e4nkar:<\/strong><\/p>\n\n\n\n<p><a href=\"https:\/\/www.oph.fi\/sv\/temaarets-arv-ungdomsorganisationernas-teser-till-beslutsfattare\">https:\/\/www.oph.fi\/sv\/temaarets-arv-ungdomsorganisationernas-teser-till-beslutsfattare<\/a><\/p>\n\n\n\n<p><a href=\"https:\/\/www.oph.fi\/sv\/europaaret-for-ungdomar\">https:\/\/www.oph.fi\/sv\/europaaret-for-ungdomar<\/a><\/p>\n","protected":false},"excerpt":{"rendered":"<p>Finska ungdomsorganisationer formulerade teser f\u00f6r att st\u00e4rka ungdomars inkludering och v\u00e4lbefinnande &#8211; Kr\u00e4ver \u00e5tg\u00e4rder fr\u00e5n politiska beslutsfattare i Finland och Europa 30.11.2022 | Utbildningsstyrelsen Den 30 november 2022 publicerades de [&hellip;]<\/p>\n","protected":false},"author":2,"featured_media":5858,"comment_status":"closed","ping_status":"open","sticky":false,"template":"","format":"standard","meta":{"_uag_custom_page_level_css":"","_EventAllDay":false,"_EventTimezone":"","_EventStartDate":"","_EventEndDate":"","_EventStartDateUTC":"","_EventEndDateUTC":"","_EventShowMap":false,"_EventShowMapLink":false,"_EventURL":"","_EventCost":"","_EventCostDescription":"","_EventCurrencySymbol":"","_EventCurrencyCode":"","_EventCurrencyPosition":"","_EventDateTimeSeparator":"","_EventTimeRangeSeparator":"","_EventOrganizerID":[],"_EventVenueID":[],"_OrganizerEmail":"","_OrganizerPhone":"","_OrganizerWebsite":"","_VenueAddress":"","_VenueCity":"","_VenueCountry":"","_VenueProvince":"","_VenueState":"","_VenueZip":"","_VenuePhone":"","_VenueURL":"","_VenueStateProvince":"","_VenueLat":"","_VenueLng":"","_VenueShowMap":false,"_VenueShowMapLink":false,"footnotes":""},"categories":[107,108],"tags":[],"class_list":["post-5855","post","type-post","status-publish","format-standard","has-post-thumbnail","hentry","category-aktuellt","category-pressmeddelande"],"uagb_featured_image_src":{"full":["https:\/\/www.skolungdom.fi\/wp-content\/uploads\/2022\/12\/Europavuosi-WEb-Banner.png",1920,1081,false],"thumbnail":["https:\/\/www.skolungdom.fi\/wp-content\/uploads\/2022\/12\/Europavuosi-WEb-Banner-150x150.png",150,150,true],"medium":["https:\/\/www.skolungdom.fi\/wp-content\/uploads\/2022\/12\/Europavuosi-WEb-Banner-300x169.png",300,169,true],"medium_large":["https:\/\/www.skolungdom.fi\/wp-content\/uploads\/2022\/12\/Europavuosi-WEb-Banner-768x432.png",768,432,true],"large":["https:\/\/www.skolungdom.fi\/wp-content\/uploads\/2022\/12\/Europavuosi-WEb-Banner-1024x577.png",1024,577,true],"1536x1536":["https:\/\/www.skolungdom.fi\/wp-content\/uploads\/2022\/12\/Europavuosi-WEb-Banner-1536x865.png",1536,865,true],"2048x2048":["https:\/\/www.skolungdom.fi\/wp-content\/uploads\/2022\/12\/Europavuosi-WEb-Banner.png",1920,1081,false],"mailpoet_newsletter_max":["https:\/\/www.skolungdom.fi\/wp-content\/uploads\/2022\/12\/Europavuosi-WEb-Banner-1320x743.png",1320,743,true]},"uagb_author_info":{"display_name":"Skolungdom","author_link":"https:\/\/www.skolungdom.fi\/fi\/author\/skolungdom\/"},"uagb_comment_info":0,"uagb_excerpt":"Finska ungdomsorganisationer formulerade teser f\u00f6r att st\u00e4rka ungdomars inkludering och v\u00e4lbefinnande &#8211; Kr\u00e4ver \u00e5tg\u00e4rder fr\u00e5n politiska beslutsfattare i Finland och Europa 30.11.2022 | Utbildningsstyrelsen Den 30 november 2022 publicerades de [&hellip;]","_links":{"self":[{"href":"https:\/\/www.skolungdom.fi\/fi\/wp-json\/wp\/v2\/posts\/5855","targetHints":{"allow":["GET"]}}],"collection":[{"href":"https:\/\/www.skolungdom.fi\/fi\/wp-json\/wp\/v2\/posts"}],"about":[{"href":"https:\/\/www.skolungdom.fi\/fi\/wp-json\/wp\/v2\/types\/post"}],"author":[{"embeddable":true,"href":"https:\/\/www.skolungdom.fi\/fi\/wp-json\/wp\/v2\/users\/2"}],"replies":[{"embeddable":true,"href":"https:\/\/www.skolungdom.fi\/fi\/wp-json\/wp\/v2\/comments?post=5855"}],"version-history":[{"count":0,"href":"https:\/\/www.skolungdom.fi\/fi\/wp-json\/wp\/v2\/posts\/5855\/revisions"}],"wp:featuredmedia":[{"embeddable":true,"href":"https:\/\/www.skolungdom.fi\/fi\/wp-json\/wp\/v2\/media\/5858"}],"wp:attachment":[{"href":"https:\/\/www.skolungdom.fi\/fi\/wp-json\/wp\/v2\/media?parent=5855"}],"wp:term":[{"taxonomy":"category","embeddable":true,"href":"https:\/\/www.skolungdom.fi\/fi\/wp-json\/wp\/v2\/categories?post=5855"},{"taxonomy":"post_tag","embeddable":true,"href":"https:\/\/www.skolungdom.fi\/fi\/wp-json\/wp\/v2\/tags?post=5855"}],"curies":[{"name":"wp","href":"https:\/\/api.w.org\/{rel}","templated":true}]}}