{"id":6019,"date":"2023-02-28T09:00:00","date_gmt":"2023-02-28T07:00:00","guid":{"rendered":"https:\/\/skolungdom.fi\/?p=6019"},"modified":"2023-02-28T09:00:00","modified_gmt":"2023-02-28T07:00:00","slug":"anmal-dig-till-erik-2023","status":"publish","type":"post","link":"https:\/\/www.skolungdom.fi\/fi\/anmal-dig-till-erik-2023\/","title":{"rendered":"Anm\u00e4l dig till ERIK 2023!"},"content":{"rendered":"\n<p>Nu \u00e4r det \u00e4ntligen m\u00f6jligt att anm\u00e4la sig till \u00e5rets ERIK \u2013 Elevriksdagen \u2013 Som ordnas 12-14 maj i N\u00e4rpes!<\/p>\n\n\n\n<p>Du kan l\u00e4sa mera om \u00e5rets ERIK <a href=\"https:\/\/skolungdom.fi\/erik23\/\" data-type=\"page\" data-id=\"5894\">H\u00c4R<\/a>!<\/p>\n\n\n\n<div class=\"wp-block-buttons is-layout-flex wp-block-buttons-is-layout-flex\">\n<div class=\"wp-block-button has-custom-font-size is-style-outline has-small-font-size is-style-outline--1\"><a class=\"wp-block-button__link wp-element-button\" href=\"https:\/\/www.flomembers.com\/fss\/events\/register\/34173cb38f07f89ddbebc2ac9128303f\" target=\"_blank\" rel=\"noreferrer noopener\">Anm\u00e4lan<\/a><\/div>\n<\/div>\n","protected":false},"excerpt":{"rendered":"<p>Nu \u00e4r det \u00e4ntligen m\u00f6jligt att anm\u00e4la sig till \u00e5rets ERIK \u2013 Elevriksdagen \u2013 Som ordnas 12-14 maj i N\u00e4rpes! Du kan l\u00e4sa mera om \u00e5rets ERIK H\u00c4R!<\/p>\n","protected":false},"author":2,"featured_media":5947,"comment_status":"closed","ping_status":"open","sticky":false,"template":"","format":"standard","meta":{"_uag_custom_page_level_css":"","_EventAllDay":false,"_EventTimezone":"","_EventStartDate":"","_EventEndDate":"","_EventStartDateUTC":"","_EventEndDateUTC":"","_EventShowMap":false,"_EventShowMapLink":false,"_EventURL":"","_EventCost":"","_EventCostDescription":"","_EventCurrencySymbol":"","_EventCurrencyCode":"","_EventCurrencyPosition":"","_EventDateTimeSeparator":"","_EventTimeRangeSeparator":"","_EventOrganizerID":[],"_EventVenueID":[],"_OrganizerEmail":"","_OrganizerPhone":"","_OrganizerWebsite":"","_VenueAddress":"","_VenueCity":"","_VenueCountry":"","_VenueProvince":"","_VenueState":"","_VenueZip":"","_VenuePhone":"","_VenueURL":"","_VenueStateProvince":"","_VenueLat":"","_VenueLng":"","_VenueShowMap":false,"_VenueShowMapLink":false,"footnotes":""},"categories":[107,109],"tags":[],"class_list":["post-6019","post","type-post","status-publish","format-standard","has-post-thumbnail","hentry","category-aktuellt","category-evenemang"],"uagb_featured_image_src":{"full":["https:\/\/www.skolungdom.fi\/wp-content\/uploads\/2023\/01\/ERIK-2023-Banner-FOR-WEBB-1.png",2821,1081,false],"thumbnail":["https:\/\/www.skolungdom.fi\/wp-content\/uploads\/2023\/01\/ERIK-2023-Banner-FOR-WEBB-1-150x150.png",150,150,true],"medium":["https:\/\/www.skolungdom.fi\/wp-content\/uploads\/2023\/01\/ERIK-2023-Banner-FOR-WEBB-1-300x115.png",300,115,true],"medium_large":["https:\/\/www.skolungdom.fi\/wp-content\/uploads\/2023\/01\/ERIK-2023-Banner-FOR-WEBB-1-768x294.png",768,294,true],"large":["https:\/\/www.skolungdom.fi\/wp-content\/uploads\/2023\/01\/ERIK-2023-Banner-FOR-WEBB-1-1024x392.png",1024,392,true],"1536x1536":["https:\/\/www.skolungdom.fi\/wp-content\/uploads\/2023\/01\/ERIK-2023-Banner-FOR-WEBB-1-1536x589.png",1536,589,true],"2048x2048":["https:\/\/www.skolungdom.fi\/wp-content\/uploads\/2023\/01\/ERIK-2023-Banner-FOR-WEBB-1-2048x785.png",2048,785,true],"mailpoet_newsletter_max":["https:\/\/www.skolungdom.fi\/wp-content\/uploads\/2023\/01\/ERIK-2023-Banner-FOR-WEBB-1-1320x506.png",1320,506,true]},"uagb_author_info":{"display_name":"Skolungdom","author_link":"https:\/\/www.skolungdom.fi\/fi\/author\/skolungdom\/"},"uagb_comment_info":0,"uagb_excerpt":"Nu \u00e4r det \u00e4ntligen m\u00f6jligt att anm\u00e4la sig till \u00e5rets ERIK \u2013 Elevriksdagen \u2013 Som ordnas 12-14 maj i N\u00e4rpes! Du kan l\u00e4sa mera om \u00e5rets ERIK H\u00c4R!","_links":{"self":[{"href":"https:\/\/www.skolungdom.fi\/fi\/wp-json\/wp\/v2\/posts\/6019","targetHints":{"allow":["GET"]}}],"collection":[{"href":"https:\/\/www.skolungdom.fi\/fi\/wp-json\/wp\/v2\/posts"}],"about":[{"href":"https:\/\/www.skolungdom.fi\/fi\/wp-json\/wp\/v2\/types\/post"}],"author":[{"embeddable":true,"href":"https:\/\/www.skolungdom.fi\/fi\/wp-json\/wp\/v2\/users\/2"}],"replies":[{"embeddable":true,"href":"https:\/\/www.skolungdom.fi\/fi\/wp-json\/wp\/v2\/comments?post=6019"}],"version-history":[{"count":0,"href":"https:\/\/www.skolungdom.fi\/fi\/wp-json\/wp\/v2\/posts\/6019\/revisions"}],"wp:featuredmedia":[{"embeddable":true,"href":"https:\/\/www.skolungdom.fi\/fi\/wp-json\/wp\/v2\/media\/5947"}],"wp:attachment":[{"href":"https:\/\/www.skolungdom.fi\/fi\/wp-json\/wp\/v2\/media?parent=6019"}],"wp:term":[{"taxonomy":"category","embeddable":true,"href":"https:\/\/www.skolungdom.fi\/fi\/wp-json\/wp\/v2\/categories?post=6019"},{"taxonomy":"post_tag","embeddable":true,"href":"https:\/\/www.skolungdom.fi\/fi\/wp-json\/wp\/v2\/tags?post=6019"}],"curies":[{"name":"wp","href":"https:\/\/api.w.org\/{rel}","templated":true}]}}