{"id":6053,"date":"2023-03-13T14:49:20","date_gmt":"2023-03-13T12:49:20","guid":{"rendered":"https:\/\/skolungdom.fi\/?p=6053"},"modified":"2023-03-13T14:49:20","modified_gmt":"2023-03-13T12:49:20","slug":"fss-valrapport-for-riksdagsvalen-2023","status":"publish","type":"post","link":"https:\/\/www.skolungdom.fi\/fi\/fss-valrapport-for-riksdagsvalen-2023\/","title":{"rendered":"FSS valrapport inf\u00f6r Riksdagsvalet 2023"},"content":{"rendered":"\n<p>Hej och v\u00e4lkommen till Finlands Svenska Skolungdomsf\u00f6rbunds FSS valrapport f\u00f6r riksdagsvalen 2023!<\/p>\n\n\n\n<p><strong>Vad? <\/strong><em>Finland har riksdagsval den 2. April 2023, med m\u00f6jlighet att f\u00f6rhandsr\u00f6sta den 22.3.-28.3.2023. Riksdagsval ordnas vart fj\u00e4rde \u00e5r och d\u00e5 v\u00e4ljs 200 riksdagsledam\u00f6ter f\u00f6r att representera finl\u00e4ndare. Riksdagsledam\u00f6terna tar viktiga beslut ang\u00e5ende allas vardag och liv, och valen kommer d\u00e4rf\u00f6r att p\u00e5verka starkt utvecklingen i Finland de kommande fyra \u00e5ren.&nbsp;<\/em><\/p>\n\n\n\n<p>I denna valrapport sammanfattar FSS de centrala fr\u00e5gorna och \u00e4mnena f\u00f6r ungdomarna p\u00e5 omr\u00e5den som utbildning, ungdomsfr\u00e5gor och klimat.<\/p>\n\n\n\n<p>Syftet med denna rapport \u00e4r att hj\u00e4lpa dig som skolungdom, oavsett om du \u00e4r en f\u00f6rstag\u00e5ngsv\u00e4ljare eller en studerande intresserad av samh\u00e4llsfr\u00e5gor, att f\u00f6rst\u00e5 vad de olika partiernas st\u00e5r f\u00f6r.&nbsp;<\/p>\n\n\n\n<p>Denna valrapport kommer att analysera valprogrammen av de 9 st\u00f6rsta riksdagspartierna. FSS har j\u00e4mf\u00f6rt partiernas st\u00e4llningstagande med FSS riksdagsvalsm\u00e5l p\u00e5 7 olika fr\u00e5gor. M\u00e5let \u00e4r att ge dig som skolungdom m\u00f6jlighet att f\u00f6rst\u00e5 vad de olika partierna st\u00e5r f\u00f6r och hur de skiljer sig fr\u00e5n varandra.&nbsp;&nbsp;<\/p>\n\n\n\n<p>M\u00e5 valrapporten vara till din nytta!<\/p>\n\n\n\n<div style=\"height:50px\" aria-hidden=\"true\" class=\"wp-block-spacer\"><\/div>\n\n\n\n<p><strong>1. Hur ska ungas psykiska oh\u00e4lsa f\u00f6rebyggas och bek\u00e4mpas?<\/strong><\/p>\n\n\n\n<p><strong>Vad?<\/strong> <em>Enligt unders\u00f6kningarna har ungas psykiska h\u00e4lsa f\u00f6rs\u00e4mrats de senaste \u00e5ren, n\u00e5got som ibland beskrivs som ungas mentala h\u00e4lsokris. Enligt m\u00e5nga studier \u00e4r det sv\u00e5rt att f\u00e5 hj\u00e4lp till psykisk oh\u00e4lsa p\u00e5 grund av f\u00e5 st\u00f6dtj\u00e4nster och bristf\u00e4llig personal, och m\u00e5nga blir d\u00e4rf\u00f6r utan den hj\u00e4lp de beh\u00f6ver.<\/em>&nbsp;&nbsp;<\/p>\n\n\n\n<p><strong>FSS:<\/strong> Olika \u00e5tg\u00e4rder beh\u00f6vs f\u00f6r att f\u00f6rebygga och bek\u00e4mpa psykisk oh\u00e4lsa, bland annat borde man garantera alla studerande ett \u00e5rligt bes\u00f6k till en skolkurator eller psykolog. St\u00f6det m\u00e5ste vara tillg\u00e4ngligt p\u00e5 svenska. Andra \u00e5tg\u00e4rder beh\u00f6vs ocks\u00e5, till exempel aktiv mobbningsf\u00f6rebyggande verksamhet, utbildning av skolpersonal och fler st\u00f6dtj\u00e4nster f\u00f6r unga.<\/p>\n\n\n\n<p><strong>Socialdemokraterna (SDP): <\/strong>Vill satsa p\u00e5 att st\u00f6dtj\u00e4nster f\u00f6r psykisk oh\u00e4lsa finns tillg\u00e4ngliga med l\u00e5g tr\u00f6skel vid sidan om andra tj\u00e4nster. Enligt SDP m\u00e5ste mera st\u00f6d ges \u00e5t dem som s\u00f6ker hj\u00e4lp. SDP vill satsa p\u00e5 st\u00f6dtj\u00e4nster av specialniv\u00e5 och vill sluta med on\u00f6dig bollning mellan mentalv\u00e5rdsservice och missbruksv\u00e5rd. SDP tar \u00e4ven upp rollen som f\u00f6reningar och andra organisationer har i bek\u00e4mpningen av psykisk oh\u00e4lsa.<\/p>\n\n\n\n<p><strong>Sannfinl\u00e4ndarna: <\/strong>Tar inte st\u00e4llning i sina program, men har tidigare uttalat om problemet.&nbsp;<\/p>\n\n\n\n<p><strong>Samlingspartiet: <\/strong>Vill satsa p\u00e5 att f\u00f6rebygga problem med h\u00e4lsan och v\u00e4lm\u00e5endet. Samlingspartiet vill bek\u00e4mpa psykisk oh\u00e4lsa med terapigaranti och f\u00f6rb\u00e4ttrad mentalv\u00e5rd. Samlingspartiet vill satsa p\u00e5 f\u00f6rebyggande \u00e5tg\u00e4rder s\u00e5 att de m\u00e4nskliga och sociala kostnaderna orsakade av psykisk oh\u00e4lsa f\u00f6rblir s\u00e5 sm\u00e5 som m\u00f6jligt.&nbsp;<\/p>\n\n\n\n<p><strong>Centern: <\/strong>Vill satsa p\u00e5 st\u00f6dtj\u00e4nster f\u00f6r psykisk oh\u00e4lsa, men n\u00e4mner inte unga i kontexten. Enligt Centern ska st\u00f6dtj\u00e4nster f\u00f6r psykisk oh\u00e4lsa erbjudas som n\u00e4rtj\u00e4nster. Centern vill satsa p\u00e5 f\u00f6rebyggande tj\u00e4nster, tj\u00e4nster av l\u00e5g tr\u00f6skeln och tj\u00e4nster av v\u00e5rd g\u00e4llande psykisk oh\u00e4lsa. Centern anser ocks\u00e5 att samh\u00e4llsklimatet m\u00e5ste f\u00f6rb\u00e4ttras och acceptans av annorlundahet och misslyckanden spelar en avg\u00f6rande roll i att minska psykisk oh\u00e4lsa.&nbsp;&nbsp;<\/p>\n\n\n\n<p><strong>De Gr\u00f6na: <\/strong>Vill ta psykisk oh\u00e4lsa p\u00e5 lika stort allvar som fysisk oh\u00e4lsa. De Gr\u00f6na vill bek\u00e4mpa psykisk oh\u00e4lsa fr\u00e4mst med terapigaranti, som enligt dem skulle garantera alla v\u00e5rd p\u00e5 kort varsel. De Gr\u00f6na vill ocks\u00e5 bek\u00e4mpa de grundl\u00e4ggande orsakerna bakom psykisk oh\u00e4lsa och g\u00f6ra samh\u00e4llet mindre prestationsbaserat.&nbsp;<\/p>\n\n\n\n<p><strong>V\u00e4nsterf\u00f6rbundet (VF): <\/strong>Vill f\u00f6rb\u00e4ttra tj\u00e4nsterna f\u00f6r psykisk oh\u00e4lsa med l\u00e5g tr\u00f6skel, genom att \u00f6kade resurser och utbildning av personal. VF vill f\u00f6rst\u00e4rka servicekedjorna s\u00e5 att ytterligare behandling s\u00e4kras, till exempel efter perioder av kortterapi. VF vill att antalet psykiatriska sjukhusplatser \u00f6kas och att missbrukares r\u00e4tt till tj\u00e4nster f\u00f6r psykisk h\u00e4lsa ocks\u00e5 s\u00e4kerst\u00e4lls.&nbsp;<\/p>\n\n\n\n<p><strong>Svenska folkpartiet (SFP)<\/strong>: Vill skapa ett ungdomspaket f\u00f6r att \u00e5terst\u00e4lla ungas v\u00e4lbefinnande och mentala h\u00e4lsa. SFP vill satsa p\u00e5 l\u00e5gtr\u00f6skelmottagningar inom mentalv\u00e5rden och chat-tj\u00e4nster. SFP \u00e4r ocks\u00e5 det enda partiet som lyfter upp i fr\u00e5gan den svenskspr\u00e5kiga servicen. SFP vill ocks\u00e5 satsa p\u00e5 tillg\u00e4ngligheten och p\u00e5 resurserna av elev- och studerandev\u00e5rden i skolorna. SFP vill ocks\u00e5 utveckla skolcoachverksamheten.&nbsp;<\/p>\n\n\n\n<p><strong>Kristdemokraterna (KD): <\/strong>Enligt KD m\u00e5ste hj\u00e4lp f\u00f6r psykiska problem f\u00e5s tidigt och som n\u00e4rtj\u00e4nst. KD vill ocks\u00e5 ut\u00f6ka tillg\u00e5ngen till korttidsterapi och andra mentalv\u00e5rdstj\u00e4nster, till exempel gruppterapi, med l\u00e5g tr\u00f6skel. KD vill ocks\u00e5 s\u00e4kerst\u00e4lla tillr\u00e4ckligt m\u00e5nga psykologer och kuratorer samt resurserna f\u00f6r barn-och ungdomspsykiatrin.&nbsp;<\/p>\n\n\n\n<p><strong>R\u00f6relse Nu: <\/strong>Vill satsa p\u00e5 tj\u00e4nster med l\u00e5g tr\u00f6skel, med m\u00f6jlighet till v\u00e5rd med snabb tidtabell. R\u00f6relse Nu vill satsa p\u00e5 resurser ist\u00e4llet f\u00f6r olika garantier eller krav. Enligt R\u00f6relse Nu ska tj\u00e4nsterna vara m\u00e5ngsidiga och flexibla. Enligt R\u00f6relse Nu \u00e4r nuvarande systemet byr\u00e5kratiskt och styv, och att det nuvarande systemet inte fungerar.&nbsp;<\/p>\n\n\n\n<div style=\"height:50px\" aria-hidden=\"true\" class=\"wp-block-spacer\"><\/div>\n\n\n\n<p><strong>2. Ska terapigaranti f\u00f6rverkligas?<\/strong><\/p>\n\n\n\n<p><strong>Vad? <\/strong><em>Terapigaranti skulle inneb\u00e4ra att alla som beh\u00f6ver hj\u00e4lp med psykisk oh\u00e4lsa skulle f\u00e5 sitt \u00e4rende behandlat inom tre dagar och f\u00e5 v\u00e5rd inom en m\u00e5nad fr\u00e5n kontakt till h\u00e4lsov\u00e5rden. Detta skulle betyda snabbare m\u00f6jligheter till v\u00e5rd j\u00e4mf\u00f6rt med nul\u00e4get. Kostnaderna f\u00f6r reformen uppskattas till 35 miljoner euro per \u00e5r.<\/em><\/p>\n\n\n\n<p><strong>FSS? <\/strong>Ja, terapigaranti ska f\u00f6rverkligas s\u00e5 att alla f\u00e5r hj\u00e4lp i r\u00e4tt tid.<\/p>\n\n\n\n<p><strong>Ja<\/strong>: Samlingspartiet, De Gr\u00f6na, V\u00e4nsterf\u00f6rbundet, Svenska folkpartiet, Kristdemokraterna.<\/p>\n\n\n\n<p><strong>Nej: <\/strong>R\u00f6relse Nu<strong> <\/strong>(anser att det beh\u00f6vs resurser, inte garantier)<\/p>\n\n\n\n<p><strong>Tar inte st\u00e4llning: <\/strong>Socialdemokraterna, Sannfinl\u00e4ndarna (har tidigare uttalat st\u00f6d), Centern.<\/p>\n\n\n\n<div style=\"height:50px\" aria-hidden=\"true\" class=\"wp-block-spacer\"><\/div>\n\n\n\n<p><strong>3. Ska ett gemensamt \u00e5sk\u00e5dnings\u00e4mne f\u00f6rverkligas?<\/strong><\/p>\n\n\n\n<p><strong>Vad? <\/strong><em>Under de senaste \u00e5rtionden har det f\u00f6rts en diskussion ifall religionsundervisningen och livs\u00e5sk\u00e5dningen borde sl\u00e5s ihop till ett gemensamt \u00e5sk\u00e5dnings\u00e4mne. Detta har pr\u00f6vats i vissa skolor i Finland och \u00e4r i bruk p\u00e5 \u00c5land sedan 2021, men \u00e4r inte m\u00f6jligt i st\u00f6rre utstr\u00e4ckning med nuvarande lagstiftning.<\/em>&nbsp;&nbsp;<\/p>\n\n\n\n<p><strong>FSS: <\/strong>Ja. M\u00e5let borde vara att \u00f6ka studerandes kulturella och religi\u00f6sa f\u00f6rst\u00e5else i dagens m\u00e5ngkulturella samh\u00e4lle.<\/p>\n\n\n\n<p><strong>Ja: <\/strong>Socialdemokraterna, De Gr\u00f6na och V\u00e4nsterf\u00f6rbundet.<\/p>\n\n\n\n<p><strong>Nej: <\/strong>Samlingspartiet, Sannfinl\u00e4ndarna, Centern, Svenska folkpartiet, Kristdemokraterna och R\u00f6relse Nu.<\/p>\n\n\n\n<p>K\u00e4lla: <a href=\"https:\/\/vaalit.yle.fi\/ev2023\/puoluekone\/sv\/01.html\">Yles valkompass<\/a><\/p>\n\n\n\n<div style=\"height:50px\" aria-hidden=\"true\" class=\"wp-block-spacer\"><\/div>\n\n\n\n<p><strong>4. Ska r\u00f6str\u00e4tts\u00e5ldern s\u00e4nkas och hur kan unga engageras i beslutsfattandet?<\/strong><\/p>\n\n\n\n<p><strong>Vad? <\/strong><em>Den nuvarande r\u00f6str\u00e4tts\u00e5ldern \u00e4r 18 \u00e5r. M\u00e5nga anser \u00e4nd\u00e5 att r\u00f6str\u00e4tts\u00e5ldern borde s\u00e4nkas f\u00f6r att ge unga mera m\u00f6jligheter att p\u00e5verka och engagera i samh\u00e4llet. Vissa l\u00e4nder som till exempel \u00d6sterrike har s\u00e4nkt r\u00f6str\u00e4tts\u00e5ldern till 16 \u00e5r.<\/em><\/p>\n\n\n\n<p><strong>FSS: <\/strong>R\u00f6str\u00e4tts\u00e5ldern ska s\u00e4nkas till 16 \u00e5r.<\/p>\n\n\n\n<p><strong>Socialdemokraterna: <\/strong>Tar inte st\u00e4llning till fr\u00e5gan. SDP vill \u00e4nd\u00e5 s\u00e4nka \u00e5ldern f\u00f6r att skriva under ett medborgarinitiativ till 16 \u00e5r. SDP vill ocks\u00e5 inf\u00f6ra ett diskussionsinitiativ till alla \u00f6ver 16-\u00e5ringar: tillr\u00e4ckligt m\u00e5nga underskrifter skulle se en fr\u00e5ga bli diskuterad p\u00e5 kommun-, v\u00e4lf\u00e4rdsomr\u00e5de-, riksdags- eller EU-niv\u00e5.<\/p>\n\n\n\n<p><strong>Sannfinl\u00e4ndarna: <\/strong>Tar inte st\u00e4llning till fr\u00e5gan.<\/p>\n\n\n\n<p><strong>Samlingspartiet: <\/strong>Tar inte st\u00e4llning till fr\u00e5gan.<\/p>\n\n\n\n<p><strong>Centern:<\/strong> Tar inte st\u00e4llning till fr\u00e5gan, men har tidigare uttalat st\u00f6d f\u00f6r s\u00e4nkning av r\u00f6str\u00e4tts\u00e5ldern.<\/p>\n\n\n\n<p><strong>De Gr\u00f6na: <\/strong>Vill s\u00e4nka r\u00f6str\u00e4tts\u00e5ldern till 16 \u00e5r i alla val och medborgarinitiativ.<\/p>\n\n\n\n<p><strong>V\u00e4nsterf\u00f6rbundet: <\/strong>Tar inte st\u00e4llning till fr\u00e5gan, men har tidigare uttalat st\u00f6d f\u00f6r s\u00e4nkning av r\u00f6str\u00e4tts\u00e5ldern.<\/p>\n\n\n\n<p><strong>Svenska folkpartiet: <\/strong>Tar inte st\u00e4llning till fr\u00e5gan. SFP anser \u00e4nd\u00e5 att unga ska tas mera i beaktan i beslutsfattande p\u00e5 alla niv\u00e5er.<\/p>\n\n\n\n<p><strong>Kristdemokraterna: <\/strong>Tar inte st\u00e4llning till fr\u00e5gan. KD vill \u00e4nd\u00e5 beakta barn i varje beslut och vill ta i bruk en barnutv\u00e4rdering f\u00f6r alla beslut som tas.<\/p>\n\n\n\n<p><strong>R\u00f6relse Nu: <\/strong>Vill s\u00e4nka r\u00f6str\u00e4tts\u00e5ldern till 16 i alla val.&nbsp;<\/p>\n\n\n\n<div style=\"height:50px\" aria-hidden=\"true\" class=\"wp-block-spacer\"><\/div>\n\n\n\n<p><strong>5. N\u00e4r ska Finland vara klimatneutralt?<\/strong><\/p>\n\n\n\n<p><strong>Vad? <\/strong><em>Klimatneutralitet inneb\u00e4r ett tillst\u00e5nd d\u00e4r samh\u00e4llets p\u00e5verkan p\u00e5 klimatet \u00e4r neutralt, allts\u00e5 det l\u00e4ge d\u00e5 utsl\u00e4ppen \u00e4r lika med vad kols\u00e4nkor (bland annat skog, myr och hav) lyckas binda till sig utsl\u00e4pp. D\u00e5 \u00e4r allts\u00e5 utsl\u00e4ppen lika med kols\u00e4nkorna. Enligt Finlands klimatlag som godk\u00e4ndes \u00e5r 2021 ska Finland vara klimatneutralt \u00e5r 2035.<\/em>&nbsp;&nbsp;&nbsp;&nbsp;<\/p>\n\n\n\n<p><strong>FSS: <\/strong>H\u00e5rda \u00e5tg\u00e4rder, \u00e4ven obekv\u00e4ma, beh\u00f6vs f\u00f6r att bromsa klimatkrisen. H\u00e5rda \u00e5tg\u00e4rder beh\u00f6vs f\u00f6r att s\u00e4kerst\u00e4lla liv p\u00e5 jorden.<\/p>\n\n\n\n<p><strong>2035: <\/strong>Socialdemokraterna, Samlingspartiet, Centern, De Gr\u00f6na, V\u00e4nsterf\u00f6rbundet, Svenska folkpartiet.<\/p>\n\n\n\n<p><strong>2050: <\/strong>Sannfinl\u00e4ndarna<\/p>\n\n\n\n<p><strong>Tar inte st\u00e4llning: <\/strong>Kristdemokraterna (anser att 2035 kan vara f\u00f6r ambiti\u00f6st), R\u00f6relse Nu (anser \u00e4nd\u00e5 att 2035 \u00e4r f\u00f6r ambiti\u00f6st).&nbsp;<\/p>\n\n\n\n<div style=\"height:50px\" aria-hidden=\"true\" class=\"wp-block-spacer\"><\/div>\n\n\n\n<p><strong>6. Hur ska antagningen till tredje stadiet se ut i framtiden?<\/strong><\/p>\n\n\n\n<p><strong>Vad? <\/strong><em>Ett nytt antagningsf\u00f6rfarande togs i bruk \u00e5r 2020 som \u00f6kade vikten av studentexamen och minskade vikten av intr\u00e4desprov. M\u00e5ls\u00e4ttningen vara att f\u00e5 unga forts\u00e4tta snabbare fr\u00e5n andra stadiet till h\u00f6gskolorna.<\/em> <em>M\u00e5nga har dock kritiserat reformen och anser att reformen \u00f6kat ungas stress.<\/em><\/p>\n\n\n\n<p><strong><em>F\u00f6rstag\u00e5ngskvo<\/em><\/strong><strong>t: <\/strong>sedan antagningsreformen 2020 har en viss andel av studieplatserna reserverats f\u00f6r de s\u00f6kande utan en tidigare studieplats.<\/p>\n\n\n\n<p><strong>FSS: <\/strong>Antagningen till tredje stadiet borde reformeras till mera j\u00e4mlikt f\u00f6r gymnasie- och yrkesstuderanden. En f\u00f6r stor fokus p\u00e5 studentexamen g\u00f6r det sv\u00e5rare f\u00f6r yrkesstuderanden att forts\u00e4tta till tredje stadiet. En f\u00f6r stor fokus p\u00e5 studentexamen hotar \u00e4ven gymnasiernas allm\u00e4nbildande roll, eftersom studeranden m\u00e5ste taktikerna med valen av \u00e4mnen.<\/p>\n\n\n\n<p><strong>Socialdemokraterna: <\/strong>Tar inte st\u00e4llning till fr\u00e5gan.&nbsp;&nbsp;<\/p>\n\n\n\n<p><strong>Sannfinl\u00e4ndarna: <\/strong>Tar inte st\u00e4llning till fr\u00e5gan.<\/p>\n\n\n\n<p><strong>Samlingspartiet: <\/strong>Vill g\u00f6ra det m\u00f6jligt att avl\u00e4gga ett gymnasiediplom i alla finl\u00e4ndska gymnasier, och att gymnasiediplomet kan ers\u00e4tta ett studentprov. Samlingspartiet ser betygsantagningen som en betydande v\u00e4g till tredje stadiet.<\/p>\n\n\n\n<p><strong>Centern: <\/strong>Vill slopa f\u00f6rstag\u00e5ngskvoten f\u00f6r antagningen till tredje stadiet.<\/p>\n\n\n\n<p><strong>De Gr\u00f6na: <\/strong>Tar inte st\u00e4llning till fr\u00e5gan.&nbsp;<\/p>\n\n\n\n<p><strong>V\u00e4nsterf\u00f6rbundet: <\/strong>Vill g\u00f6ra det m\u00f6jligt att avl\u00e4gga ett gymnasiediplom i alla finl\u00e4ndska gymnasier, och att gymnasiediplomet kan ers\u00e4tta ett studentprov.&nbsp;<\/p>\n\n\n\n<p><strong>Svenska folkpartiet: <\/strong>Vill slopa f\u00f6rstag\u00e5ngskvoten f\u00f6r antagningen till tredje stadiet och anser att antagningsgrunderna till tredje stadiet inte borde i lika stor utstr\u00e4ckning styra studievalen i gymnasiet. SFP vill \u00e4ven reformera studentexamen till att m\u00e4ta b\u00e4ttre allm\u00e4nbildningen. SFP vill \u00e4ven utreda m\u00f6jligheten att gymnasiediplom och examen inom den grundl\u00e4ggande konstutbildningen beaktas i antagningen till tredje stadiet.<\/p>\n\n\n\n<p><strong>Kristdemokraterna: <\/strong>Tar inte st\u00e4llning till fr\u00e5gan.<\/p>\n\n\n\n<p><strong>R\u00f6relse Nu: <\/strong>Vill \u00e4ndra p\u00e5 antagningsreformen fr\u00e5n 2020, eftersom den enligt R\u00f6relse Nu lett till att unga m\u00e5ste g\u00f6ra val om framtiden i ett f\u00f6r tidigt skede.<\/p>\n\n\n\n<div style=\"height:50px\" aria-hidden=\"true\" class=\"wp-block-spacer\"><\/div>\n\n\n\n<p><strong>7. Ska studerande st\u00f6das finansiellt mera?<\/strong><\/p>\n\n\n\n<p><strong>Vad? <\/strong><em>F\u00f6r tillf\u00e4llet kan de flesta studeranden i Finland f\u00e5 tre olika typer av finansiellt st\u00f6d: studiepenning, allm\u00e4nt bostadsbidrag och studiel\u00e5n. J\u00e4mf\u00f6rt med de andra nordiska l\u00e4nderna och tidigare \u00e5rtionden \u00e4r Finlands nuvarande niv\u00e5 av st\u00f6d \u00e5t studeranden l\u00e5g. D\u00e4rf\u00f6r har m\u00e5nga f\u00f6respr\u00e5kat h\u00f6jt studiest\u00f6d, men kostnaderna skulle uppr\u00e4knas vara h\u00f6ga.&nbsp;<\/em><\/p>\n\n\n\n<p><strong><em>Inkomstgr\u00e4ns:<\/em><\/strong><em> den summa pengar man kan tj\u00e4na under sina studier utan att man mister sitt studiest\u00f6d&nbsp;<\/em><\/p>\n\n\n\n<p><strong>FSS: <\/strong>Studiest\u00f6det borde h\u00f6jas med 100 euro per m\u00e5nad, f\u00f6r att minska behov av studiel\u00e5n. I nul\u00e4get \u00e4r speciellt yrkesstuderanden utsatta, eftersom de ofta m\u00e5ste flytta hemifr\u00e5n f\u00f6r studierna och d\u00e5 \u00e4r nuvarande niv\u00e5n av studiest\u00f6det l\u00e5g.<\/p>\n\n\n\n<p><strong>Socialdemokraterna: <\/strong>Vill h\u00f6ja studiest\u00f6det, men ger ingen exakt summa.<\/p>\n\n\n\n<p><strong>Sannfinl\u00e4ndarna: <\/strong>Tar inte st\u00e4llning till fr\u00e5gan.<\/p>\n\n\n\n<p><strong>Samlingspartiet: <\/strong>Tar inte st\u00e4llning till fr\u00e5gan. Samlingspartiet f\u00f6respr\u00e5kar dock en nedsk\u00e4rning av bostadsbidraget \u00e5t studerande.&nbsp;<\/p>\n\n\n\n<p><strong>Centern: <\/strong>Tar inte st\u00e4llning till fr\u00e5gan.<strong> <\/strong>Centern vill introducera en studiel\u00e5nsers\u00e4ttning f\u00f6r dem som flyttar till glesbygden efter studierna.<\/p>\n\n\n\n<p><strong>De Gr\u00f6na: <\/strong>Vill h\u00f6ja studiepenningen med 100 euro per m\u00e5nad.&nbsp;<\/p>\n\n\n\n<p><strong>V\u00e4nsterf\u00f6rbundet: <\/strong>Vill h\u00f6ja studiepenningen med 100 euro per m\u00e5nad.&nbsp;<\/p>\n\n\n\n<p><strong>Svenska folkpartiet: <\/strong>Vill stegvis h\u00f6ja studiest\u00f6det. SFP vill \u00e4ven h\u00f6ja inkomstgr\u00e4nserna f\u00f6r studiest\u00f6det.<\/p>\n\n\n\n<p><strong>Kristdemokraterna: <\/strong>Tar inte st\u00e4llning till fr\u00e5gan. KD vill h\u00f6ja st\u00f6den f\u00f6r studeranden med barn samt h\u00f6ja inkomstgr\u00e4nserna f\u00f6r studiest\u00f6det. KD vill ocks\u00e5 inf\u00f6ra ett studiel\u00e5nsers\u00e4ttning f\u00f6r dem som f\u00e5r barn.&nbsp;<\/p>\n\n\n\n<p><strong>R\u00f6relse Nu: <\/strong>Tar inte st\u00e4llning till fr\u00e5gan. R\u00f6relse Nu vill avskaffa inkomstgr\u00e4nserna f\u00f6r studiest\u00f6det.&nbsp;<\/p>\n\n\n\n<div style=\"height:50px\" aria-hidden=\"true\" class=\"wp-block-spacer\"><\/div>\n\n\n\n<p><strong>SLUTORD OCH K\u00c4LLOR<\/strong><\/p>\n\n\n\n<p>Nu har du kommit till slutet av valrapporten, hoppas du fann den nyttig! Kom ih\u00e5g att denna rapport \u00e4r endast en \u00f6verblick av partierna p\u00e5 n\u00e5gra viktiga fr\u00e5gor f\u00f6r unga och att det finns m\u00e5nga andra viktiga fr\u00e5gor.<\/p>\n\n\n\n<p>Om du \u00f6nskar att f\u00e5 veta mera om de olika partiernas st\u00e4llningstaganden, rekommenderar vi att du kolla p\u00e5 de olika partiernas valprogram som denna rapport tagit sin information ifr\u00e5n. Du hittar valprogrammen bakom de f\u00f6ljande l\u00e4nkarna:<\/p>\n\n\n\n<p><a href=\"https:\/\/www.sdp.fi\/sv\/riksdagsvalet-2023\/valprogram\/\">Socialdemokraternas valprogram 2023<\/a><\/p>\n\n\n\n<p><a href=\"https:\/\/www.perussuomalaiset.fi\/wp-content\/uploads\/2023\/02\/Koulutusna%CC%88ko%CC%88kulmat-13.2.2023.pdf\">Sannfinl\u00e4ndarnas skuggbudget 2023<\/a> (p\u00e5 finska) och <a href=\"https:\/\/www.perussuomalaiset.fi\/wp-content\/uploads\/2022\/11\/Perussuomalaisten-vaihtoehtobudjetti_-2023_Netti.pdf\">Utbildningspolitiska m\u00e5l 2023<\/a> (p\u00e5 finska)<\/p>\n\n\n\n<p><a href=\"https:\/\/www.kokoomus.fi\/samlingspartiets-valprogram\/?lang=sv\">Samlingspartiets valprogram 2023<\/a> och <a href=\"https:\/\/www.kokoomus.fi\/wp-content\/uploads\/2023\/01\/Kokoomuksen-vaihtoehtobudjetin-tulostusversio-2023.pdf\">Samlingspartiets skuggbudget 2023<\/a> (p\u00e5 finska)<\/p>\n\n\n\n<p><a href=\"https:\/\/keskusta.fi\/wp-content\/uploads\/2023\/02\/Centern-i-Finland-riksdagsvalsprogram-2023.pdf\">Centerns valprogram 2023<\/a><\/p>\n\n\n\n<p><a href=\"https:\/\/www.degrona.fi\/riksdagsvalprogrammet-2023\/\">De Gr\u00f6nas valprogram 2023&nbsp;<\/a><\/p>\n\n\n\n<p><a href=\"https:\/\/vasemmisto.fi\/wp-content\/uploads\/2023\/01\/Vasemmistoliitto-Eduskuntavaaliohjelma-ruotsi-1.pdf\">V\u00e4nsterf\u00f6rbundets valprogram 2023<\/a><\/p>\n\n\n\n<p><a href=\"https:\/\/val.sfp.fi\/wp-content\/uploads\/SFP-Valprogram-2023.pdf\">Svenska folkpartiets valprogram 2023&nbsp;<\/a><\/p>\n\n\n\n<p><a href=\"https:\/\/www.kd.fi\/sv\/politik\/partiets-program\/riksdagsvalprogram-2023\/\">Kristdemokraterna valprogram 2023<\/a>, <a href=\"https:\/\/www.kd.fi\/files\/2023\/02\/KD-perhepaketti_2023.pdf\">Kristdemokraternas familjepaket 2023<\/a> (p\u00e5 finska) och <a href=\"https:\/\/www.kd.fi\/files\/2022\/11\/KD_vaihtoehtobudjetti_2023_nettiin.pdf\">Kristdemokraternas skuggbudget 2023<\/a> (p\u00e5 finska)<\/p>\n\n\n\n<p><a href=\"https:\/\/www.liikenyt.fi\/eduskuntavaaliohjelma\">R\u00f6relse Nu valprogram 2023<\/a> (p\u00e5 finska)<\/p>\n\n\n\n<div style=\"height:21px\" aria-hidden=\"true\" class=\"wp-block-spacer\"><\/div>\n\n\n\n<p>Om du vill l\u00e4ra dig mer om riksdagsvalen 2023 s\u00e5 rekommenderar vi att du till exempel l\u00e4ser nyheter om riksdagsvalen, g\u00f6r en valmaskin eller lyssnar p\u00e5 en valdebatt.&nbsp;<\/p>\n\n\n\n<p>FSS har som m\u00e5l att engagera unga i samh\u00e4llsengagemang eftersom att unga ska ha m\u00f6jligheter att uttrycka sina \u00e5sikt i v\u00e5rt samh\u00e4lle!&nbsp;<\/p>\n\n\n\n<div style=\"height:10px\" aria-hidden=\"true\" class=\"wp-block-spacer\"><\/div>\n\n\n\n<p>Om du har fr\u00e5gor eller kommentarer g\u00e4llande valrapporten s\u00e5 n\u00e5r du FSS via oss:<\/p>\n\n\n\n<p>Cecilia Huhtala, f\u00f6rbundsordf\u00f6rande<\/p>\n\n\n\n<p>044 980 7553 eller <a href=\"mailto:cecilia.huhtala@skolungdom.fi\">cecilia.huhtala@skolungdom.fi<\/a><\/p>\n\n\n\n<p>Henri Winberg, politisk sakkunnig&nbsp;<\/p>\n\n\n\n<p>044 258 8886 eller <a href=\"mailto:henri.winberg@skolungdom.fi\">henri.winberg@skolungdom.fi<\/a>&nbsp;<\/p>\n","protected":false},"excerpt":{"rendered":"<p>Hej och v\u00e4lkommen till Finlands Svenska Skolungdomsf\u00f6rbunds FSS valrapport f\u00f6r riksdagsvalen 2023! Vad? Finland har riksdagsval den 2. April 2023, med m\u00f6jlighet att f\u00f6rhandsr\u00f6sta den 22.3.-28.3.2023. Riksdagsval ordnas vart fj\u00e4rde [&hellip;]<\/p>\n","protected":false},"author":2,"featured_media":6058,"comment_status":"closed","ping_status":"open","sticky":false,"template":"","format":"standard","meta":{"_uag_custom_page_level_css":"","_EventAllDay":false,"_EventTimezone":"","_EventStartDate":"","_EventEndDate":"","_EventStartDateUTC":"","_EventEndDateUTC":"","_EventShowMap":false,"_EventShowMapLink":false,"_EventURL":"","_EventCost":"","_EventCostDescription":"","_EventCurrencySymbol":"","_EventCurrencyCode":"","_EventCurrencyPosition":"","_EventDateTimeSeparator":"","_EventTimeRangeSeparator":"","_EventOrganizerID":[],"_EventVenueID":[],"_OrganizerEmail":"","_OrganizerPhone":"","_OrganizerWebsite":"","_VenueAddress":"","_VenueCity":"","_VenueCountry":"","_VenueProvince":"","_VenueState":"","_VenueZip":"","_VenuePhone":"","_VenueURL":"","_VenueStateProvince":"","_VenueLat":"","_VenueLng":"","_VenueShowMap":false,"_VenueShowMapLink":false,"footnotes":""},"categories":[107,112],"tags":[111],"class_list":["post-6053","post","type-post","status-publish","format-standard","has-post-thumbnail","hentry","category-aktuellt","category-rapport","tag-riksdagsval-2023"],"uagb_featured_image_src":{"full":["https:\/\/www.skolungdom.fi\/wp-content\/uploads\/2023\/03\/FSS-Riksdagsvalsrapport-BANNER-1.png",2050,1081,false],"thumbnail":["https:\/\/www.skolungdom.fi\/wp-content\/uploads\/2023\/03\/FSS-Riksdagsvalsrapport-BANNER-1-150x150.png",150,150,true],"medium":["https:\/\/www.skolungdom.fi\/wp-content\/uploads\/2023\/03\/FSS-Riksdagsvalsrapport-BANNER-1-300x158.png",300,158,true],"medium_large":["https:\/\/www.skolungdom.fi\/wp-content\/uploads\/2023\/03\/FSS-Riksdagsvalsrapport-BANNER-1-768x405.png",768,405,true],"large":["https:\/\/www.skolungdom.fi\/wp-content\/uploads\/2023\/03\/FSS-Riksdagsvalsrapport-BANNER-1-1024x540.png",1024,540,true],"1536x1536":["https:\/\/www.skolungdom.fi\/wp-content\/uploads\/2023\/03\/FSS-Riksdagsvalsrapport-BANNER-1-1536x810.png",1536,810,true],"2048x2048":["https:\/\/www.skolungdom.fi\/wp-content\/uploads\/2023\/03\/FSS-Riksdagsvalsrapport-BANNER-1-2048x1080.png",2048,1080,true],"mailpoet_newsletter_max":["https:\/\/www.skolungdom.fi\/wp-content\/uploads\/2023\/03\/FSS-Riksdagsvalsrapport-BANNER-1-1320x696.png",1320,696,true]},"uagb_author_info":{"display_name":"Skolungdom","author_link":"https:\/\/www.skolungdom.fi\/fi\/author\/skolungdom\/"},"uagb_comment_info":0,"uagb_excerpt":"Hej och v\u00e4lkommen till Finlands Svenska Skolungdomsf\u00f6rbunds FSS valrapport f\u00f6r riksdagsvalen 2023! Vad? Finland har riksdagsval den 2. April 2023, med m\u00f6jlighet att f\u00f6rhandsr\u00f6sta den 22.3.-28.3.2023. Riksdagsval ordnas vart fj\u00e4rde [&hellip;]","_links":{"self":[{"href":"https:\/\/www.skolungdom.fi\/fi\/wp-json\/wp\/v2\/posts\/6053","targetHints":{"allow":["GET"]}}],"collection":[{"href":"https:\/\/www.skolungdom.fi\/fi\/wp-json\/wp\/v2\/posts"}],"about":[{"href":"https:\/\/www.skolungdom.fi\/fi\/wp-json\/wp\/v2\/types\/post"}],"author":[{"embeddable":true,"href":"https:\/\/www.skolungdom.fi\/fi\/wp-json\/wp\/v2\/users\/2"}],"replies":[{"embeddable":true,"href":"https:\/\/www.skolungdom.fi\/fi\/wp-json\/wp\/v2\/comments?post=6053"}],"version-history":[{"count":0,"href":"https:\/\/www.skolungdom.fi\/fi\/wp-json\/wp\/v2\/posts\/6053\/revisions"}],"wp:featuredmedia":[{"embeddable":true,"href":"https:\/\/www.skolungdom.fi\/fi\/wp-json\/wp\/v2\/media\/6058"}],"wp:attachment":[{"href":"https:\/\/www.skolungdom.fi\/fi\/wp-json\/wp\/v2\/media?parent=6053"}],"wp:term":[{"taxonomy":"category","embeddable":true,"href":"https:\/\/www.skolungdom.fi\/fi\/wp-json\/wp\/v2\/categories?post=6053"},{"taxonomy":"post_tag","embeddable":true,"href":"https:\/\/www.skolungdom.fi\/fi\/wp-json\/wp\/v2\/tags?post=6053"}],"curies":[{"name":"wp","href":"https:\/\/api.w.org\/{rel}","templated":true}]}}