{"id":6240,"date":"2023-06-21T13:05:32","date_gmt":"2023-06-21T10:05:32","guid":{"rendered":"https:\/\/skolungdom.fi\/?p=6240"},"modified":"2023-06-21T13:05:32","modified_gmt":"2023-06-21T10:05:32","slug":"ungdoms-och-studerandeforbund-de-yngre-generationerna-far-betala-notan-for-balanseringen-av-de-offentliga-finanserna","status":"publish","type":"post","link":"https:\/\/www.skolungdom.fi\/fi\/ungdoms-och-studerandeforbund-de-yngre-generationerna-far-betala-notan-for-balanseringen-av-de-offentliga-finanserna\/","title":{"rendered":"Ungdoms- och studerandef\u00f6rbund: De yngre generationerna f\u00e5r betala notan f\u00f6r balanseringen av de offentliga finanserna"},"content":{"rendered":"\n<p>I Petteri Orpos regeringsprogram riktas de st\u00f6rsta nedsk\u00e4rningarna i de offentliga utgifterna mot socialskyddet och social- och h\u00e4lsov\u00e5rdstj\u00e4nsterna. M\u00e5nga av nedsk\u00e4rningarna kommer att ytterligare f\u00f6rv\u00e4rra situationen f\u00f6r unga och studerande som lider av effekterna av pandemin. Ungdoms- och studerandef\u00f6rbunden uppmanar regeringen att \u00f6verv\u00e4ga nedsk\u00e4rningarnas l\u00e4mplighet och att granska deras \u00f6vergripande inverkan p\u00e5 ungdomar, studerande och Finlands kompetensniv\u00e5.<\/p>\n\n\n\n<p>Ungdomar och studeranden \u00e4r relativt stora anv\u00e4ndare av sociala f\u00f6rm\u00e5ner, s\u00e4rskilt bostadsbidrag, inkomstst\u00f6d och studiest\u00f6d, eftersom deras arbetskarri\u00e4rer vanligtvis \u00e4r korta och unga personer har inte hunnit ackumulera f\u00f6rm\u00f6genhet. Till exempel ges allm\u00e4nt bostadsbidrag och inkomstst\u00f6d vanligtvis till ungdomar, \u00e4ven om de riktar sig till m\u00e4nniskor i alla \u00e5ldrar.&nbsp; Till exempel \u00e4r mer \u00e4n en tredjedel av mottagarna av allm\u00e4nt bostadsbidrag unga.<\/p>\n\n\n\n<p><strong>P\u00e5tagliga nedsk\u00e4rningar i boendet<\/strong><\/p>\n\n\n\n<p>De planerade nedsk\u00e4rningarna av det allm\u00e4nna bostadsbidraget kommer att drabba ungdomar och studerande. Den kombinerade effekten av nedsk\u00e4rningar och s\u00e4nkningarna i st\u00f6det kommer att drabba s\u00e4rskilt h\u00e5rt de ungdomar och studeranden som bor i storst\u00e4derna.<\/p>\n\n\n\n<p>Petteri Orpos regering vill utveckla ett ekonomiskt attraktivt alternativ till det allm\u00e4nna bostadsbidraget f\u00f6r studerande som gynnar samboende. Vi i ungdoms- och studentorganisationerna har i stor utstr\u00e4ckning kr\u00e4vt en mer individualiserad reform av bostadsbidraget, men f\u00f6r att vara r\u00e4ttvis b\u00f6r det vara inom samma allm\u00e4nna bostadsbidrag och inte minska f\u00f6rm\u00e5nen.<\/p>\n\n\n\n<p>Regeringsprogrammet framl\u00e4gger ett m\u00e5l om att utveckla ett ekonomiskt attraktivt alternativ till det generella bostadsbidraget som gynnar kollektivt boende. Det \u00e5terst\u00e5r att se vad detta kommer att inneb\u00e4ra. Ungdoms- och studentorganisationer har i stor utstr\u00e4ckning kr\u00e4vt en mer individualiserad reform av bostadsbidraget, men detta beh\u00f6ver ske inom ramen f\u00f6r samma allm\u00e4nna bostadsbidrag och inte genom att s\u00e4nka f\u00f6rm\u00e5nen.<\/p>\n\n\n\n<p>Det finns ocks\u00e5 planer p\u00e5 att inf\u00f6ra en sj\u00e4lvriskandel f\u00f6r boendekostnader i utkomstst\u00f6det. Genom detta vill regeringen uppmuntra m\u00e4nniskor att leta efter billigare bost\u00e4der, som i verkligheten \u00e4r n\u00e4stan obefintliga. Dessutom \u00e4r id\u00e9n med en sj\u00e4lvriskandel i utkomstst\u00f6det m\u00e4rklig, eftersom mottagaren av st\u00f6det inte ens f\u00e5r ha n\u00e5gra inkomster eller tillg\u00e5ngar att betala med.&nbsp; Sj\u00e4lvriskandelen \u00e4r d\u00e4rf\u00f6r i huvudsak en nedsk\u00e4rning.<\/p>\n\n\n\n<p>Samtidigt som bostadsbidragen sk\u00e4rs ner, undergr\u00e4vs ocks\u00e5 byggandet av f\u00f6rm\u00e5nliga bost\u00e4der. Nedsk\u00e4rningar fr\u00e5n b\u00e5da h\u00e5llen kommer tillsammans att p\u00e5verka boende f\u00f6r ungdomar och studeranden p\u00e5 ett s\u00e4tt som verkar ha f\u00f6rbisetts.&nbsp;<\/p>\n\n\n\n<p><strong>Principerna f\u00f6r utkomstst\u00f6d f\u00f6r ungdomar skrotas<\/strong><\/p>\n\n\n\n<p>En omfattande reform av utkomstst\u00f6det \u00e4r ocks\u00e5 under beredning. Man str\u00e4var efter att g\u00f6ra st\u00f6det mer f\u00f6rpliktande f\u00f6r mottagaren och l\u00e4ttare att minska. Eftersom grunddelen i dag anses vara tillr\u00e4cklig f\u00f6r ett m\u00e4nniskov\u00e4rdigt liv b\u00f6r nedsk\u00e4rningar inte g\u00f6ras p\u00e5 l\u00e4tta grunder. Dessutom \u00e4r det obegripligt att regeringen vill avskaffa skyldigheten att h\u00e4nvisa klienten till en bed\u00f6mning av servicebehovet, d\u00e5 st\u00f6det sk\u00e4rs ner.&nbsp;<\/p>\n\n\n\n<p>Hittills har arbetsl\u00f6shetsers\u00e4ttningen varit villkorlig f\u00f6r ungdomar under 25 \u00e5r utan yrkesutbildning. Dessa ungdomar har varit tvungna att ans\u00f6ka om och f\u00e5 en studieplats f\u00f6r att f\u00e5 arbetsl\u00f6shetsers\u00e4ttning. Dessa villkor kommer enligt regeringsprogrammet avskaffas och ist\u00e4llet kommer samma \u00e5ldersrelaterade villkor \u00f6verf\u00f6ras till utkomstst\u00f6det medan \u00e5ldersgr\u00e4nsen h\u00f6js till 30 \u00e5r. Dessa f\u00f6r\u00e4ndringar drabbar s\u00e4rskilt de ungdomar som redan \u00e4r utsatta p\u00e5 grund av sitt behov av utkomstst\u00f6d.&nbsp;<\/p>\n\n\n\n<p>Ungdomar b\u00f6r v\u00e4gledas till utbildning genom tj\u00e4nster och utbildningssystem, inte genom att minska deras inkomster. Hotet om nedsk\u00e4rningar ger inte tillr\u00e4cklig motivation att studera f\u00f6r ungdomar som inte har det fr\u00e5n b\u00f6rjan. Ungdomar beh\u00f6ver morot ist\u00e4llet f\u00f6r piska.&nbsp;<\/p>\n\n\n\n<p>Orpos regering vill ocks\u00e5 unders\u00f6ka om en person som v\u00e4grar utbildning, arbete, tj\u00e4nst eller skyldigheter kan nekas r\u00e4tten till utkomstst\u00f6det. Detta \u00e4r ett mycket radikalt f\u00f6rslag som, om det g\u00e5r igenom, skulle l\u00e4mna de mest s\u00e5rbara och utsatta ungdomarna och studeranden utan n\u00e5got st\u00f6d alls. Detta kommer sannolikt att \u00f6ka och f\u00f6rdjupa utslagningen av unga m\u00e4nniskor.<\/p>\n\n\n\n<p><strong>Endast genom att investera i studeranden kan Finlands kompetensniv\u00e5 stiga.<\/strong><\/p>\n\n\n\n<p>Studerande \u00e4r den enda grupp m\u00e4nniskor vars sociala trygghet till stor del best\u00e5r av l\u00e5n. Under de senaste tio \u00e5ren har beloppet av studiel\u00e5n f\u00f6rdubblats och beloppet av l\u00e5n f\u00f6r nyutexaminerade har tredubblats. Finland har som m\u00e5l att mer \u00e4n h\u00e4lften av alla unga ska ha en h\u00f6gskoleexamen 2030. Utbildningsniv\u00e5n bland unga finl\u00e4ndare har dock fortsatt att ligga under OECD-genomsnittet. Styrkan i det finl\u00e4ndska utbildningssystemet har varit dess j\u00e4mlikhet och tillg\u00e5ng f\u00f6r alla. Kommer det vara s\u00e5 i framtiden ocks\u00e5?&nbsp;<\/p>\n\n\n\n<p>F\u00f6r att h\u00f6ja utbildnings- och f\u00e4rdighetsniv\u00e5n kr\u00e4vs \u00e5tg\u00e4rder inom b\u00e5de utbildningspolitik och social trygghet. Ingetdera kan ensam att l\u00f6sa problemet. M\u00e5let med den framtida reformen av studiest\u00f6det b\u00f6r d\u00e4rf\u00f6r vara att s\u00e4kerst\u00e4lla att den tryggar f\u00f6rs\u00f6rjningen under studietiden, garanterar ett smidigt fl\u00f6de av studier och en meningsfull studiev\u00e4g f\u00f6r den studerandes v\u00e4lbefinnande och v\u00e4lbefinnande. Dessutom b\u00f6r studiest\u00f6dets l\u00e5nebias elimineras. Vi hoppas att reformen baserar sig p\u00e5 dessa principer och inte bara p\u00e5 besparingar. Det skulle \u00e4ven vara \u00e4ndam\u00e5lsenligt att inkludera studerande i det nya allm\u00e4nna bidraget, som ska kombineras med andra l\u00e5ga grundtrygghetsf\u00f6rm\u00e5ner.&nbsp;<\/p>\n\n\n\n<p>I v\u00e4rsta fall kommer nedsk\u00e4rningarna i socialskyddet f\u00f6r unga och studerande b\u00e5de att f\u00f6rv\u00e4rra den psykiska krisen bland unga och undergr\u00e4va Finlands m\u00e5l om h\u00f6gre kompetens och syssels\u00e4ttning. Beslutsfattare b\u00f6r fatta beslut som st\u00e4rker j\u00e4mlikheten mellan generationerna, inte f\u00f6rs\u00e4mrar den.<\/p>\n\n\n\n<p><\/p>\n\n\n\n<p><\/p>\n\n\n\n<p>Suomen nuorisoalan kattoj\u00e4rjest\u00f6 Allianssi<\/p>\n\n\n\n<p>Finlands Svenska Skolungdomsf\u00f6rbund rf<\/p>\n\n\n\n<p>Into \u2013 etsiv\u00e4 nuorisoty\u00f6 ja ty\u00f6pajatoiminta ry<\/p>\n\n\n\n<p>Suomen Ammattiin Opiskelevien Liitto \u2013 SAKKI ry<\/p>\n\n\n\n<p>Suomen Lukiolaisten Liitto<\/p>\n\n\n\n<p>Suomen Opiskelija-Allianssi \u2013 OSKU ry<\/p>\n\n\n\n<p>Suomen opiskelijakuntien liitto &#8211; SAMOK ry<\/p>\n\n\n\n<p>Suomen ylioppilaskuntien liitto (SYL)<\/p>\n","protected":false},"excerpt":{"rendered":"<p>I Petteri Orpos regeringsprogram riktas de st\u00f6rsta nedsk\u00e4rningarna i de offentliga utgifterna mot socialskyddet och social- och h\u00e4lsov\u00e5rdstj\u00e4nsterna. M\u00e5nga av nedsk\u00e4rningarna kommer att ytterligare f\u00f6rv\u00e4rra situationen f\u00f6r unga och studerande [&hellip;]<\/p>\n","protected":false},"author":2,"featured_media":6241,"comment_status":"closed","ping_status":"open","sticky":false,"template":"","format":"standard","meta":{"_uag_custom_page_level_css":"","_EventAllDay":false,"_EventTimezone":"","_EventStartDate":"","_EventEndDate":"","_EventStartDateUTC":"","_EventEndDateUTC":"","_EventShowMap":false,"_EventShowMapLink":false,"_EventURL":"","_EventCost":"","_EventCostDescription":"","_EventCurrencySymbol":"","_EventCurrencyCode":"","_EventCurrencyPosition":"","_EventDateTimeSeparator":"","_EventTimeRangeSeparator":"","_EventOrganizerID":[],"_EventVenueID":[],"_OrganizerEmail":"","_OrganizerPhone":"","_OrganizerWebsite":"","_VenueAddress":"","_VenueCity":"","_VenueCountry":"","_VenueProvince":"","_VenueState":"","_VenueZip":"","_VenuePhone":"","_VenueURL":"","_VenueStateProvince":"","_VenueLat":"","_VenueLng":"","_VenueShowMap":false,"_VenueShowMapLink":false,"footnotes":""},"categories":[107,108],"tags":[],"class_list":["post-6240","post","type-post","status-publish","format-standard","has-post-thumbnail","hentry","category-aktuellt","category-pressmeddelande"],"uagb_featured_image_src":{"full":["https:\/\/www.skolungdom.fi\/wp-content\/uploads\/2023\/06\/FSS-Pressmeddelande-yngre-generationer-bertalar-notan-banner.png",1921,1080,false],"thumbnail":["https:\/\/www.skolungdom.fi\/wp-content\/uploads\/2023\/06\/FSS-Pressmeddelande-yngre-generationer-bertalar-notan-banner-150x150.png",150,150,true],"medium":["https:\/\/www.skolungdom.fi\/wp-content\/uploads\/2023\/06\/FSS-Pressmeddelande-yngre-generationer-bertalar-notan-banner-300x169.png",300,169,true],"medium_large":["https:\/\/www.skolungdom.fi\/wp-content\/uploads\/2023\/06\/FSS-Pressmeddelande-yngre-generationer-bertalar-notan-banner-768x432.png",768,432,true],"large":["https:\/\/www.skolungdom.fi\/wp-content\/uploads\/2023\/06\/FSS-Pressmeddelande-yngre-generationer-bertalar-notan-banner-1024x576.png",1024,576,true],"1536x1536":["https:\/\/www.skolungdom.fi\/wp-content\/uploads\/2023\/06\/FSS-Pressmeddelande-yngre-generationer-bertalar-notan-banner-1536x864.png",1536,864,true],"2048x2048":["https:\/\/www.skolungdom.fi\/wp-content\/uploads\/2023\/06\/FSS-Pressmeddelande-yngre-generationer-bertalar-notan-banner.png",1921,1080,false],"mailpoet_newsletter_max":["https:\/\/www.skolungdom.fi\/wp-content\/uploads\/2023\/06\/FSS-Pressmeddelande-yngre-generationer-bertalar-notan-banner-1320x742.png",1320,742,true]},"uagb_author_info":{"display_name":"Skolungdom","author_link":"https:\/\/www.skolungdom.fi\/fi\/author\/skolungdom\/"},"uagb_comment_info":0,"uagb_excerpt":"I Petteri Orpos regeringsprogram riktas de st\u00f6rsta nedsk\u00e4rningarna i de offentliga utgifterna mot socialskyddet och social- och h\u00e4lsov\u00e5rdstj\u00e4nsterna. M\u00e5nga av nedsk\u00e4rningarna kommer att ytterligare f\u00f6rv\u00e4rra situationen f\u00f6r unga och studerande [&hellip;]","_links":{"self":[{"href":"https:\/\/www.skolungdom.fi\/fi\/wp-json\/wp\/v2\/posts\/6240","targetHints":{"allow":["GET"]}}],"collection":[{"href":"https:\/\/www.skolungdom.fi\/fi\/wp-json\/wp\/v2\/posts"}],"about":[{"href":"https:\/\/www.skolungdom.fi\/fi\/wp-json\/wp\/v2\/types\/post"}],"author":[{"embeddable":true,"href":"https:\/\/www.skolungdom.fi\/fi\/wp-json\/wp\/v2\/users\/2"}],"replies":[{"embeddable":true,"href":"https:\/\/www.skolungdom.fi\/fi\/wp-json\/wp\/v2\/comments?post=6240"}],"version-history":[{"count":0,"href":"https:\/\/www.skolungdom.fi\/fi\/wp-json\/wp\/v2\/posts\/6240\/revisions"}],"wp:featuredmedia":[{"embeddable":true,"href":"https:\/\/www.skolungdom.fi\/fi\/wp-json\/wp\/v2\/media\/6241"}],"wp:attachment":[{"href":"https:\/\/www.skolungdom.fi\/fi\/wp-json\/wp\/v2\/media?parent=6240"}],"wp:term":[{"taxonomy":"category","embeddable":true,"href":"https:\/\/www.skolungdom.fi\/fi\/wp-json\/wp\/v2\/categories?post=6240"},{"taxonomy":"post_tag","embeddable":true,"href":"https:\/\/www.skolungdom.fi\/fi\/wp-json\/wp\/v2\/tags?post=6240"}],"curies":[{"name":"wp","href":"https:\/\/api.w.org\/{rel}","templated":true}]}}