{"id":6501,"date":"2023-09-27T12:00:50","date_gmt":"2023-09-27T09:00:50","guid":{"rendered":"https:\/\/skolungdom.fi\/?p=6501"},"modified":"2023-09-27T12:00:50","modified_gmt":"2023-09-27T09:00:50","slug":"finlands-svenska-skolungdomsforbund-rf-uttrycker-sitt-stod-for-demonstrationerna-i-vara-skolor","status":"publish","type":"post","link":"https:\/\/www.skolungdom.fi\/fi\/finlands-svenska-skolungdomsforbund-rf-uttrycker-sitt-stod-for-demonstrationerna-i-vara-skolor\/","title":{"rendered":"Finlands Svenska Skolungdomsf\u00f6rbund rf uttrycker sitt st\u00f6d f\u00f6r demonstrationerna i v\u00e5ra skolor"},"content":{"rendered":"\n<p><strong>Finlands Svenska Skolungdomsf\u00f6rbund st\u00f6der demonstrationerna som sker och planeras att h\u00e5llas i skolbyggnader mot regeringens nedsk\u00e4rningar.&nbsp;<\/strong><\/p>\n\n\n\n<p>Den senaste veckan har skolungdomar och studenter runtom i landet tagit initiativet att ockupera sina skolor och universitetsbyggnader. Finlands Svenska Skolungdomsf\u00f6rbund rf, FSS uttrycker sitt fulla st\u00f6d f\u00f6r de studerande som har valt att ockupera skolor runt om i landet som en motprotest \u00f6ver regeringens planerade \u00e5tg\u00e4rder som hotar att f\u00f6rs\u00e4mra studerandes ekonomiska villkor och tillg\u00e5ngen till utbildning.<\/p>\n\n\n\n<p>De planerade nedsk\u00e4rningarna i bostadsbidraget och indexfrysningen av studiest\u00f6det kommer p\u00e5verka unga studerandes liv avsev\u00e4rt. I v\u00e4rsta fall leder regeringens planer till en allt st\u00f6rre polarisering, d\u00e5 m\u00f6jligheten till h\u00f6gre utbildning, oavsett socioekonomisk bakgrund, minskar. Balansen mellan att arbeta och studera f\u00f6rsv\u00e5ras ytterligare, vilket i sig kan \u00e4ventyra studerandes akademiska framg\u00e5ng och v\u00e4lm\u00e5ende. De planerade nedsk\u00e4rningarna kommer att minska p\u00e5 ungas valm\u00f6jligheter och leda till att allt fler unga v\u00e4ljer den skola som \u00e4r n\u00e4rmast hemmet f\u00f6r att undvika att flytta hemifr\u00e5n.&nbsp;<\/p>\n\n\n\n<p>\u201cRegeringens planer kommer att sl\u00e5 h\u00e5rt mot studerandes liv, speciellt de som redan har det sv\u00e5rt. Studerandes r\u00f6st spelar roll!\u201c kommenterar FSS f\u00f6rbundsordf\u00f6rande Cecilia Huhtala.&nbsp;<\/p>\n\n\n\n<p>FSS ser de p\u00e5g\u00e5ende ockupationerna av skolor som en fredlig form av protest, d\u00e4r studerande gemensamt f\u00f6rsvarar sina r\u00e4ttigheter och k\u00e4mpar f\u00f6r en b\u00e4ttre framtid. Ungdomar har r\u00e4tt till fredliga demonstrationer och samh\u00e4llsdelaktighet, speciellt de ungdomar som inte p\u00e5 grund av sin \u00e5lder haft m\u00f6jligheten att r\u00f6sta i riksdagsvalet.&nbsp;<\/p>\n\n\n\n<p>De ockupationer som skett i v\u00e5ra gymnasier har organiserats sj\u00e4lvst\u00e4ndigt och FSS har inte deltagit i planeringen av ockupationerna eller i demonstrationerna. Finlands Svenska Skolungdomsf\u00f6rbund \u00e4r ett partipolitiskt obundet f\u00f6rbund vars uppgift \u00e4r att bevaka svenskspr\u00e5kiga elevers och studerandes intressen i Finland.&nbsp;<\/p>\n\n\n\n<div style=\"height:40px\" aria-hidden=\"true\" class=\"wp-block-spacer\"><\/div>\n\n\n\n<p><strong>F\u00f6r mer information:<\/strong><\/p>\n\n\n\n<p>Cecilia Huhtala<\/p>\n\n\n\n<p>F\u00f6rbundsordf\u00f6rande, Finlands Svenska Skolungdomsf\u00f6rbund rf<\/p>\n\n\n\n<p><a href=\"mailto:cecilia.huhtala@skolungdom.fi\">cecilia.huhtala@skolungdom.fi<\/a> \/050 322 7715<\/p>\n\n\n\n<p>Vilma Wasstr\u00f6m<\/p>\n\n\n\n<p>Vikarierande politisk sakkunnig, Finlands Svenska Skolungdomf\u00f6rbund rf<\/p>\n\n\n\n<p><a href=\"mailto:vilma.wasstrom@skolungdom.fi\">vilma.wasstrom@skolungdom.fi<\/a>\/ 050 5269776<\/p>\n","protected":false},"excerpt":{"rendered":"<p>Finlands Svenska Skolungdomsf\u00f6rbund st\u00f6der demonstrationerna som sker och planeras att h\u00e5llas i skolbyggnader mot regeringens nedsk\u00e4rningar.&nbsp; Den senaste veckan har skolungdomar och studenter runtom i landet tagit initiativet att ockupera [&hellip;]<\/p>\n","protected":false},"author":2,"featured_media":6502,"comment_status":"closed","ping_status":"open","sticky":false,"template":"","format":"standard","meta":{"_uag_custom_page_level_css":"","_EventAllDay":false,"_EventTimezone":"","_EventStartDate":"","_EventEndDate":"","_EventStartDateUTC":"","_EventEndDateUTC":"","_EventShowMap":false,"_EventShowMapLink":false,"_EventURL":"","_EventCost":"","_EventCostDescription":"","_EventCurrencySymbol":"","_EventCurrencyCode":"","_EventCurrencyPosition":"","_EventDateTimeSeparator":"","_EventTimeRangeSeparator":"","_EventOrganizerID":[],"_EventVenueID":[],"_OrganizerEmail":"","_OrganizerPhone":"","_OrganizerWebsite":"","_VenueAddress":"","_VenueCity":"","_VenueCountry":"","_VenueProvince":"","_VenueState":"","_VenueZip":"","_VenuePhone":"","_VenueURL":"","_VenueStateProvince":"","_VenueLat":"","_VenueLng":"","_VenueShowMap":false,"_VenueShowMapLink":false,"footnotes":""},"categories":[107,108],"tags":[],"class_list":["post-6501","post","type-post","status-publish","format-standard","has-post-thumbnail","hentry","category-aktuellt","category-pressmeddelande"],"uagb_featured_image_src":{"full":["https:\/\/www.skolungdom.fi\/wp-content\/uploads\/2023\/09\/FSS-PM-demonstrationer-i-skolor-banner.png",1921,1080,false],"thumbnail":["https:\/\/www.skolungdom.fi\/wp-content\/uploads\/2023\/09\/FSS-PM-demonstrationer-i-skolor-banner-150x150.png",150,150,true],"medium":["https:\/\/www.skolungdom.fi\/wp-content\/uploads\/2023\/09\/FSS-PM-demonstrationer-i-skolor-banner-300x169.png",300,169,true],"medium_large":["https:\/\/www.skolungdom.fi\/wp-content\/uploads\/2023\/09\/FSS-PM-demonstrationer-i-skolor-banner-768x432.png",768,432,true],"large":["https:\/\/www.skolungdom.fi\/wp-content\/uploads\/2023\/09\/FSS-PM-demonstrationer-i-skolor-banner-1024x576.png",1024,576,true],"1536x1536":["https:\/\/www.skolungdom.fi\/wp-content\/uploads\/2023\/09\/FSS-PM-demonstrationer-i-skolor-banner-1536x864.png",1536,864,true],"2048x2048":["https:\/\/www.skolungdom.fi\/wp-content\/uploads\/2023\/09\/FSS-PM-demonstrationer-i-skolor-banner.png",1921,1080,false],"mailpoet_newsletter_max":["https:\/\/www.skolungdom.fi\/wp-content\/uploads\/2023\/09\/FSS-PM-demonstrationer-i-skolor-banner-1320x742.png",1320,742,true]},"uagb_author_info":{"display_name":"Skolungdom","author_link":"https:\/\/www.skolungdom.fi\/fi\/author\/skolungdom\/"},"uagb_comment_info":0,"uagb_excerpt":"Finlands Svenska Skolungdomsf\u00f6rbund st\u00f6der demonstrationerna som sker och planeras att h\u00e5llas i skolbyggnader mot regeringens nedsk\u00e4rningar.&nbsp; Den senaste veckan har skolungdomar och studenter runtom i landet tagit initiativet att ockupera [&hellip;]","_links":{"self":[{"href":"https:\/\/www.skolungdom.fi\/fi\/wp-json\/wp\/v2\/posts\/6501","targetHints":{"allow":["GET"]}}],"collection":[{"href":"https:\/\/www.skolungdom.fi\/fi\/wp-json\/wp\/v2\/posts"}],"about":[{"href":"https:\/\/www.skolungdom.fi\/fi\/wp-json\/wp\/v2\/types\/post"}],"author":[{"embeddable":true,"href":"https:\/\/www.skolungdom.fi\/fi\/wp-json\/wp\/v2\/users\/2"}],"replies":[{"embeddable":true,"href":"https:\/\/www.skolungdom.fi\/fi\/wp-json\/wp\/v2\/comments?post=6501"}],"version-history":[{"count":0,"href":"https:\/\/www.skolungdom.fi\/fi\/wp-json\/wp\/v2\/posts\/6501\/revisions"}],"wp:featuredmedia":[{"embeddable":true,"href":"https:\/\/www.skolungdom.fi\/fi\/wp-json\/wp\/v2\/media\/6502"}],"wp:attachment":[{"href":"https:\/\/www.skolungdom.fi\/fi\/wp-json\/wp\/v2\/media?parent=6501"}],"wp:term":[{"taxonomy":"category","embeddable":true,"href":"https:\/\/www.skolungdom.fi\/fi\/wp-json\/wp\/v2\/categories?post=6501"},{"taxonomy":"post_tag","embeddable":true,"href":"https:\/\/www.skolungdom.fi\/fi\/wp-json\/wp\/v2\/tags?post=6501"}],"curies":[{"name":"wp","href":"https:\/\/api.w.org\/{rel}","templated":true}]}}