{"id":6529,"date":"2023-10-04T16:48:42","date_gmt":"2023-10-04T13:48:42","guid":{"rendered":"https:\/\/skolungdom.fi\/?p=6529"},"modified":"2023-10-04T16:48:42","modified_gmt":"2023-10-04T13:48:42","slug":"lansering-av-inspirationsmaterialet-trygga-skolan-5-oktober-2023","status":"publish","type":"post","link":"https:\/\/www.skolungdom.fi\/fi\/lansering-av-inspirationsmaterialet-trygga-skolan-5-oktober-2023\/","title":{"rendered":"Lansering av inspirationsmaterialet Trygga Skolan 5 oktober 2023"},"content":{"rendered":"\n<h2 class=\"wp-block-heading\"><strong>V\u00e4lkommen p\u00e5 lansering av v\u00e5rt material Trygga skolan p\u00e5 internationella l\u00e4rardagen 5.10.2022<\/strong><\/h2>\n\n\n\n<p><strong>Kl.13-14 p\u00e5 Zoom (Web)<\/strong> <\/p>\n\n\n\n<p><strong>\u00c4r du<\/strong><\/p>\n\n\n\n<ul class=\"wp-block-list\">\n<li>elev eller studerande som \u00e4r intresserad av att skapa en mer inkludernade skola?<\/li>\n\n\n\n<li>aktiv i elev-eller studerandek\u00e5rsstyrelser och vill ha mera verktyg f\u00f6r att skapa en tryggare skola?<\/li>\n\n\n\n<li>l\u00e4rare eller rektor som vill bidra till att \u00f6ka elever och studerandes delaktighet i skolan?<\/li>\n<\/ul>\n\n\n\n<p><strong>D\u00e5 \u00e4r detta material n\u00e5got f\u00f6r dig!<\/strong><\/p>\n\n\n\n<p>Trygga skolan \u00e4r ett digitalt material f\u00f6r \u00f6kad kunskap om normkritik och anti-diskriminering samt metoder och tips p\u00e5 \u00f6vningar och diskussioner f\u00f6r att arbete med anti-diskimrinering och f\u00f6r en tryggare skola. Materialet har utvecklats av&nbsp;<a href=\"https:\/\/ekvalitaeducation.fi\/sv\/\">Ekvalita<\/a>&nbsp;(FI) och&nbsp;<a href=\"https:\/\/skolungdom.fi\/\">Finlands Svenska Skolungdom<\/a>(FI),&nbsp;<a href=\"https:\/\/feministparaplyet.ax\/unga\/\">Unga &#8211; J\u00e4mst\u00e4lld skola och fritid<\/a>&nbsp;(FI),&nbsp;<a href=\"https:\/\/www.kun.no\/\">J\u00e4mst\u00e4lldhetscentret KUN&nbsp;<\/a>(NO),&nbsp;<a href=\"https:\/\/elevernasriksforbund.se\/\">Elevernas riksf\u00f6rbund&nbsp;<\/a>(SE) Organisationerna har en l\u00e5ng erfarenhet av att arbete med elever och studerande i respektive land. Materialet har anv\u00e4nts i pilotskolor runt om i norden och materialet \u00e4r nu redo att spridas vidare. Jenna Tulonen har varit projektledare f\u00f6r det finl\u00e4ndska bidraget<\/p>\n\n\n\n<p>P\u00e5 lanseringen presenterar vi Trygga skolan materialet. Du har en m\u00f6jlighet att st\u00e4lla fr\u00e5gor om materialet eller projektet. Materialet \u00e4r gratis och ligger p\u00e5 hemsidan f\u00f6r Elevernas riksf\u00f6rbund Materialet finns p\u00e5 svenska och delvis p\u00e5 norska och har finanserierats av NIKK samt de deltagande organisationerna.<\/p>\n\n\n\n<p><strong>Program f\u00f6r lansering av Trygga skolan materialet<br><br><\/strong>&#8211; V\u00e4lkommen<\/p>\n\n\n\n<p>&#8211; Presentation av en metod<\/p>\n\n\n\n<p>&#8211; Varf\u00f6r beh\u00f6vs ett material f\u00f6r att skapa mer trygga skolor?<\/p>\n\n\n\n<p>&#8211; N\u00e4r och hur kan du anv\u00e4nda Trygga skolan materialet?<\/p>\n\n\n\n<p>&#8211; Presentation av en metod<\/p>\n\n\n\n<p>&#8211; Erfarenheter av att jobba med Trygga skolan i Norden (elev- ,l\u00e4rare och elevombudsperspektiv)<\/p>\n\n\n\n<p>&#8211; Avslutande ord<\/p>\n\n\n\n<p><\/p>\n\n\n\n<p>Anslut till seminariet via knappen nedan: (13:00-14:00,  torsdag 5.10.2023)<\/p>\n\n\n\n<div style=\"height:20px\" aria-hidden=\"true\" class=\"wp-block-spacer\"><\/div>\n\n\n\n<div class=\"wp-block-buttons is-layout-flex wp-block-buttons-is-layout-flex\">\n<div class=\"wp-block-button is-style-outline is-style-outline--1\"><a class=\"wp-block-button__link wp-element-button\" href=\"https:\/\/elevernasriksforbund.se\/tryggaskolan\/\" target=\"_blank\" rel=\"noreferrer noopener\">H\u00e4r hittar du materialet<\/a><\/div>\n<\/div>\n\n\n\n<div style=\"height:20px\" aria-hidden=\"true\" class=\"wp-block-spacer\"><\/div>\n\n\n\n<p><strong>V\u00e4lkommen med p\u00e5 lansering!<\/strong><\/p>\n","protected":false},"excerpt":{"rendered":"<p>V\u00e4lkommen p\u00e5 lansering av v\u00e5rt material Trygga skolan p\u00e5 internationella l\u00e4rardagen 5.10.2022 Kl.13-14 p\u00e5 Zoom (Web) \u00c4r du D\u00e5 \u00e4r detta material n\u00e5got f\u00f6r dig! Trygga skolan \u00e4r ett digitalt [&hellip;]<\/p>\n","protected":false},"author":2,"featured_media":6534,"comment_status":"closed","ping_status":"open","sticky":false,"template":"","format":"standard","meta":{"_uag_custom_page_level_css":"","_EventAllDay":false,"_EventTimezone":"","_EventStartDate":"","_EventEndDate":"","_EventStartDateUTC":"","_EventEndDateUTC":"","_EventShowMap":false,"_EventShowMapLink":false,"_EventURL":"","_EventCost":"","_EventCostDescription":"","_EventCurrencySymbol":"","_EventCurrencyCode":"","_EventCurrencyPosition":"","_EventDateTimeSeparator":"","_EventTimeRangeSeparator":"","_EventOrganizerID":[],"_EventVenueID":[],"_OrganizerEmail":"","_OrganizerPhone":"","_OrganizerWebsite":"","_VenueAddress":"","_VenueCity":"","_VenueCountry":"","_VenueProvince":"","_VenueState":"","_VenueZip":"","_VenuePhone":"","_VenueURL":"","_VenueStateProvince":"","_VenueLat":"","_VenueLng":"","_VenueShowMap":false,"_VenueShowMapLink":false,"footnotes":""},"categories":[107],"tags":[],"class_list":["post-6529","post","type-post","status-publish","format-standard","has-post-thumbnail","hentry","category-aktuellt"],"uagb_featured_image_src":{"full":["https:\/\/www.skolungdom.fi\/wp-content\/uploads\/2023\/10\/Trygga-skolan-FB-banner-1.png",1920,1005,false],"thumbnail":["https:\/\/www.skolungdom.fi\/wp-content\/uploads\/2023\/10\/Trygga-skolan-FB-banner-1-150x150.png",150,150,true],"medium":["https:\/\/www.skolungdom.fi\/wp-content\/uploads\/2023\/10\/Trygga-skolan-FB-banner-1-300x157.png",300,157,true],"medium_large":["https:\/\/www.skolungdom.fi\/wp-content\/uploads\/2023\/10\/Trygga-skolan-FB-banner-1-768x402.png",768,402,true],"large":["https:\/\/www.skolungdom.fi\/wp-content\/uploads\/2023\/10\/Trygga-skolan-FB-banner-1-1024x536.png",1024,536,true],"1536x1536":["https:\/\/www.skolungdom.fi\/wp-content\/uploads\/2023\/10\/Trygga-skolan-FB-banner-1-1536x804.png",1536,804,true],"2048x2048":["https:\/\/www.skolungdom.fi\/wp-content\/uploads\/2023\/10\/Trygga-skolan-FB-banner-1.png",1920,1005,false],"mailpoet_newsletter_max":["https:\/\/www.skolungdom.fi\/wp-content\/uploads\/2023\/10\/Trygga-skolan-FB-banner-1-1320x691.png",1320,691,true]},"uagb_author_info":{"display_name":"Skolungdom","author_link":"https:\/\/www.skolungdom.fi\/fi\/author\/skolungdom\/"},"uagb_comment_info":0,"uagb_excerpt":"V\u00e4lkommen p\u00e5 lansering av v\u00e5rt material Trygga skolan p\u00e5 internationella l\u00e4rardagen 5.10.2022 Kl.13-14 p\u00e5 Zoom (Web) \u00c4r du D\u00e5 \u00e4r detta material n\u00e5got f\u00f6r dig! Trygga skolan \u00e4r ett digitalt [&hellip;]","_links":{"self":[{"href":"https:\/\/www.skolungdom.fi\/fi\/wp-json\/wp\/v2\/posts\/6529","targetHints":{"allow":["GET"]}}],"collection":[{"href":"https:\/\/www.skolungdom.fi\/fi\/wp-json\/wp\/v2\/posts"}],"about":[{"href":"https:\/\/www.skolungdom.fi\/fi\/wp-json\/wp\/v2\/types\/post"}],"author":[{"embeddable":true,"href":"https:\/\/www.skolungdom.fi\/fi\/wp-json\/wp\/v2\/users\/2"}],"replies":[{"embeddable":true,"href":"https:\/\/www.skolungdom.fi\/fi\/wp-json\/wp\/v2\/comments?post=6529"}],"version-history":[{"count":0,"href":"https:\/\/www.skolungdom.fi\/fi\/wp-json\/wp\/v2\/posts\/6529\/revisions"}],"wp:featuredmedia":[{"embeddable":true,"href":"https:\/\/www.skolungdom.fi\/fi\/wp-json\/wp\/v2\/media\/6534"}],"wp:attachment":[{"href":"https:\/\/www.skolungdom.fi\/fi\/wp-json\/wp\/v2\/media?parent=6529"}],"wp:term":[{"taxonomy":"category","embeddable":true,"href":"https:\/\/www.skolungdom.fi\/fi\/wp-json\/wp\/v2\/categories?post=6529"},{"taxonomy":"post_tag","embeddable":true,"href":"https:\/\/www.skolungdom.fi\/fi\/wp-json\/wp\/v2\/tags?post=6529"}],"curies":[{"name":"wp","href":"https:\/\/api.w.org\/{rel}","templated":true}]}}