{"id":6816,"date":"2024-04-26T17:50:27","date_gmt":"2024-04-26T14:50:27","guid":{"rendered":"https:\/\/skolungdom.fi\/?p=6816"},"modified":"2024-04-26T17:50:27","modified_gmt":"2024-04-26T14:50:27","slug":"elevriksdagen-2024-har-inletts","status":"publish","type":"post","link":"https:\/\/www.skolungdom.fi\/fi\/elevriksdagen-2024-har-inletts\/","title":{"rendered":"Elevriksdagen 2024 har inletts"},"content":{"rendered":"\n<p>Finlands Svenska Skolungdomsf\u00f6rbunds \u00e5rsm\u00f6te, Elevriksdagen 2024 har inletts fredagen den 26 april klockan 17:30. Avg\u00e5ende f\u00f6rbundsordf\u00f6rande Cecilia Huhtala inledde m\u00f6tet med ett traditionsenligt \u00f6ppningstal som finns att l\u00e4sa h\u00e4r:<\/p>\n\n\n\n<p><\/p>\n\n\n\n<p><strong>\u00c4rade \u00e5rsm\u00f6te, k\u00e4ra skolungdomar!<\/strong><\/p>\n\n\n\n<p><strong>Det \u00e4r med stor gl\u00e4dje och engagemang som vi samlats h\u00e4r i Karis denna helg f\u00f6r att reflektera \u00f6ver det g\u00e5ngna \u00e5ret och planera f\u00f6r framtiden. Vi \u00e4r h\u00e4r f\u00f6r att m\u00f6tas, l\u00e4ra av varandra och framf\u00f6r allt f\u00f6r att s\u00e4kerst\u00e4lla att ungdomars r\u00f6st h\u00f6rs och tas p\u00e5 allvar.<\/strong><\/p>\n\n\n\n<p>Den senaste tiden har varit fyllt av h\u00e4ndelser f\u00f6r skolungdomar. Fr\u00e5n val till framtida studier och studentskrivningar till skolfester och temadagar, har det varit en tid av b\u00e5de gl\u00e4dje och utmaningar. Vi kan inte ignorera de mindre positiva h\u00e4ndelserna heller, s\u00e5som den tragiska skolskjutningen i Vanda och nedsk\u00e4rningar som p\u00e5verkar direkt ungdomar och studerandes vardag. H\u00e4lsa i skolan enk\u00e4ten som visade med oroande siffroar att psykisk oh\u00e4lsa och diskriminering \u00e4r alltf\u00f6r vanliga bland unga svenskspr\u00e5kiga j\u00e4mf\u00f6rt med finskspr\u00e5kiga.<\/p>\n\n\n\n<p>K\u00e4ra skolungdomar,&nbsp;<\/p>\n\n\n\n<p>D\u00e4rf\u00f6r \u00e4r det viktigt att vi idag har samlats h\u00e4r. <strong>Tillsammans<\/strong> kan vi p\u00e5verka samh\u00e4llsutvecklingen och s\u00e4kerst\u00e4lla att ungas r\u00f6ster h\u00f6rs i alla beslutsprocesser. <strong>Tillsammans<\/strong> \u00e4r vi starka och kan driva f\u00f6r\u00e4ndring.<\/p>\n\n\n\n<p>Vi kan se tillbaka p\u00e5 det senaste riksdagsvalet med stolthet, d\u00e4r FSS spelade en aktiv roll i att lyfta fr\u00e5gor som ber\u00f6r ungas r\u00e4ttigheter och v\u00e4lbefinnande. \u00c4ven om vi inte lyckades f\u00e5 igenom alla v\u00e5ra m\u00e5l, \u00e4r det tydligt att v\u00e5r r\u00f6st blev h\u00f6rd. Nu st\u00e5r vi inf\u00f6r det kommande EU-valet, d\u00e4r det \u00e4r avg\u00f6rande att vi forts\u00e4tter att g\u00f6ra v\u00e5ra r\u00f6ster h\u00f6rda. Se till att inte n\u00e5gon annan r\u00f6star f\u00f6r dig. R\u00f6sta och be andra att r\u00f6sta!<\/p>\n\n\n\n<p>Dessutom n\u00e4rmar sig kommunal- och v\u00e4lf\u00e4rdsomr\u00e5desvalen under v\u00e5ren 2025. Det \u00e4r d\u00e5 vi beh\u00f6ver se till att elev-och studerandev\u00e5rden samt ungdomstj\u00e4nster ska vara h\u00f6gt uppe i prioritetslistan.&nbsp;<\/p>\n\n\n\n<p>Vi befinner oss i en tid av f\u00f6r\u00e4ndring och stora reformer p\u00e5g\u00e5r som kommer att p\u00e5verka v\u00e5r vardag. S\u00e5som befolkningsutvecklingen, skoln\u00e4tverk, antagningsf\u00f6rfarandet till tredje stadiet, studiest\u00f6d och bostadsst\u00f6d med mera. Vi m\u00e5ste vara beredda att ta itu med utmaningarna och k\u00e4mpa f\u00f6r v\u00e5ra r\u00e4ttigheter och v\u00e4lbefinnande. Att st\u00e5 p\u00e5 barrikaderna under kommande tid kommer att vara n\u00e5gonting som vi alla beh\u00f6ver g\u00f6ra f\u00f6r att f\u00e5 \u00f6versittarna att lyssna.&nbsp;<\/p>\n\n\n\n<p>Riksdagens talman j\u00e4mf\u00f6rde ungas roll i fredsarbetet med husdjur under sin valkampanj inf\u00f6r presidentvalet och menade att det \u00e4r en om\u00f6jlig fr\u00e5ga att inkludera ungdomar i beslutande processer. Det brinner i mig n\u00e4r en s\u00e5dan maktfull person har en helt fel bild av ungdomars kunnande och ungdomars medverkan i samh\u00e4llet. Alla fr\u00e5gor ber\u00f6r v\u00e5r vardag, \u00e4ven pensioner och s\u00e4kerhetspolitik.&nbsp;<\/p>\n\n\n\n<p>Vi har under den senaste veckan aktiverat gymnasiestuderanden att marschera ut ur lektioner och skolor i protest p\u00e5 regeringens nedsk\u00e4rningar och n\u00e4sta kommer vi att uppmana yrkesstuderanden att protestera. Regeringen har gjort och planerar att genomf\u00f6ra ytterligare nedsk\u00e4rningar mot studerandena, en av dem \u00e4r att de som fyllt 18 \u00e5r beh\u00f6ver betala f\u00f6r studiematerial och resor. Det \u00e4r uppr\u00f6rande att efter s\u00e5 m\u00e5nga \u00e5rs arbete f\u00f6r att f\u00e5 andra stadiet korstandsfritt g\u00e5r vi tillbaka till en allt mer oj\u00e4mlik utbildning d\u00e4r ens socioekonomisk situation spelar en allt st\u00f6rre roll.&nbsp;<\/p>\n\n\n\n<p>K\u00e4ra skolungdomar, v\u00e4lkommen till platsen d\u00e4r<strong> vi <\/strong>bygger framtiden.&nbsp;<\/p>\n\n\n\n<p>Det \u00e4r s\u00e5 roligt att se er alla. Vi \u00e4r h\u00e4r f\u00f6r att dra linjer f\u00f6r hur Finland och v\u00e5rt f\u00f6rbund ska se ut. Ni har stor makt i era h\u00e4nder, anv\u00e4nd den klokt.&nbsp;&nbsp;<\/p>\n\n\n\n<p>V\u00e4lkommen till \u00e5rsm\u00f6tet, d\u00e4r ni kan finna er sj\u00e4lv uppleva starka k\u00e4nslor f\u00f6r helt fr\u00e4mmande m\u00e4nniskor. \u00c5rsm\u00f6tet d\u00e4r var och en accepteras precis som de \u00e4r.&nbsp;<\/p>\n\n\n\n<p>V\u00e4lkommen att uppleva k\u00e4nslor av lycka, besvikelse, gl\u00e4dje, sorg och hopp.<\/p>\n\n\n\n<p>Denna helg betyder olika saker f\u00f6r oss alla. F\u00f6r vissa \u00e4r det slutet p\u00e5 en betydande era, f\u00f6r andra \u00e4r det bara det f\u00f6rsta steget p\u00e5 deras tid i FSS. Men f\u00f6r oss alla \u00e4r denna helg fylld med v\u00e4rme och v\u00e4nner.<\/p>\n\n\n\n<p>Tillsammans kommer vi att forma framtiden f\u00f6r Finlands Svenska Skolungdomsf\u00f6rbund och s\u00e4kerst\u00e4lla en trygg och inkluderande milj\u00f6 f\u00f6r alla. Det \u00e4r en \u00e4ra att vara h\u00e4r med er alla och jag ser fram emot att arbeta tillsammans f\u00f6r en ljusare vardag.&nbsp;<\/p>\n\n\n\n<p>Med dessa ord \u00f6ppnar jag FSS \u00e5rsm\u00f6te, Elevriksdagen 70:nde av sitt slag.<\/p>\n\n\n\n<p>Tack!<\/p>\n\n\n\n<p><em>Cecilia Huhtala, f\u00f6rbundsordf\u00f6rande f\u00f6r Finlands Svenska Skolungdomsf\u00f6rbund FSS rf&nbsp;<\/em><\/p>\n\n\n\n<p><\/p>\n\n\n\n<p><\/p>\n","protected":false},"excerpt":{"rendered":"<p>Finlands Svenska Skolungdomsf\u00f6rbunds \u00e5rsm\u00f6te, Elevriksdagen 2024 har inletts fredagen den 26 april klockan 17:30. Avg\u00e5ende f\u00f6rbundsordf\u00f6rande Cecilia Huhtala inledde m\u00f6tet med ett traditionsenligt \u00f6ppningstal som finns att l\u00e4sa h\u00e4r: \u00c4rade [&hellip;]<\/p>\n","protected":false},"author":2,"featured_media":0,"comment_status":"closed","ping_status":"open","sticky":false,"template":"","format":"standard","meta":{"_uag_custom_page_level_css":"","_EventAllDay":false,"_EventTimezone":"","_EventStartDate":"","_EventEndDate":"","_EventStartDateUTC":"","_EventEndDateUTC":"","_EventShowMap":false,"_EventShowMapLink":false,"_EventURL":"","_EventCost":"","_EventCostDescription":"","_EventCurrencySymbol":"","_EventCurrencyCode":"","_EventCurrencyPosition":"","_EventDateTimeSeparator":"","_EventTimeRangeSeparator":"","_EventOrganizerID":[],"_EventVenueID":[],"_OrganizerEmail":"","_OrganizerPhone":"","_OrganizerWebsite":"","_VenueAddress":"","_VenueCity":"","_VenueCountry":"","_VenueProvince":"","_VenueState":"","_VenueZip":"","_VenuePhone":"","_VenueURL":"","_VenueStateProvince":"","_VenueLat":"","_VenueLng":"","_VenueShowMap":false,"_VenueShowMapLink":false,"footnotes":""},"categories":[107],"tags":[],"class_list":["post-6816","post","type-post","status-publish","format-standard","hentry","category-aktuellt"],"uagb_featured_image_src":{"full":false,"thumbnail":false,"medium":false,"medium_large":false,"large":false,"1536x1536":false,"2048x2048":false,"mailpoet_newsletter_max":false},"uagb_author_info":{"display_name":"Skolungdom","author_link":"https:\/\/www.skolungdom.fi\/fi\/author\/skolungdom\/"},"uagb_comment_info":0,"uagb_excerpt":"Finlands Svenska Skolungdomsf\u00f6rbunds \u00e5rsm\u00f6te, Elevriksdagen 2024 har inletts fredagen den 26 april klockan 17:30. Avg\u00e5ende f\u00f6rbundsordf\u00f6rande Cecilia Huhtala inledde m\u00f6tet med ett traditionsenligt \u00f6ppningstal som finns att l\u00e4sa h\u00e4r: \u00c4rade [&hellip;]","_links":{"self":[{"href":"https:\/\/www.skolungdom.fi\/fi\/wp-json\/wp\/v2\/posts\/6816","targetHints":{"allow":["GET"]}}],"collection":[{"href":"https:\/\/www.skolungdom.fi\/fi\/wp-json\/wp\/v2\/posts"}],"about":[{"href":"https:\/\/www.skolungdom.fi\/fi\/wp-json\/wp\/v2\/types\/post"}],"author":[{"embeddable":true,"href":"https:\/\/www.skolungdom.fi\/fi\/wp-json\/wp\/v2\/users\/2"}],"replies":[{"embeddable":true,"href":"https:\/\/www.skolungdom.fi\/fi\/wp-json\/wp\/v2\/comments?post=6816"}],"version-history":[{"count":0,"href":"https:\/\/www.skolungdom.fi\/fi\/wp-json\/wp\/v2\/posts\/6816\/revisions"}],"wp:attachment":[{"href":"https:\/\/www.skolungdom.fi\/fi\/wp-json\/wp\/v2\/media?parent=6816"}],"wp:term":[{"taxonomy":"category","embeddable":true,"href":"https:\/\/www.skolungdom.fi\/fi\/wp-json\/wp\/v2\/categories?post=6816"},{"taxonomy":"post_tag","embeddable":true,"href":"https:\/\/www.skolungdom.fi\/fi\/wp-json\/wp\/v2\/tags?post=6816"}],"curies":[{"name":"wp","href":"https:\/\/api.w.org\/{rel}","templated":true}]}}