{"id":6871,"date":"2024-06-10T09:32:28","date_gmt":"2024-06-10T06:32:28","guid":{"rendered":"https:\/\/skolungdom.fi\/?p=6871"},"modified":"2024-06-10T09:32:28","modified_gmt":"2024-06-10T06:32:28","slug":"utbildningspolitiken-glommer-bort-de-forandrade-kompetensbehoven","status":"publish","type":"post","link":"https:\/\/www.skolungdom.fi\/fi\/utbildningspolitiken-glommer-bort-de-forandrade-kompetensbehoven\/","title":{"rendered":"Utbildningspolitiken gl\u00f6mmer bort de f\u00f6r\u00e4ndrade kompetensbehoven"},"content":{"rendered":"\n<p>Vi, organisationer som representerar yrkesutbildning samt arbets- och n\u00e4ringsliv, \u00e4r bekymrade \u00f6ver att m\u00f6jligheterna f\u00f6r den arbetsf\u00f6ra befolkningen att utveckla sina f\u00e4rdigheter minskar i samh\u00e4llet, s\u00e4rskilt inom den yrkesinriktade vuxenutbildningen.<\/p>\n\n\n\n<p>Regeringen beslutade i sin budgetram att sk\u00e4ra ner hundra miljoner euro p\u00e5 yrkesutbildningen. Finansieringsnedsk\u00e4rningen riktas, under ledning av undervisnings- och kulturministeriet, mot utbildning f\u00f6r vuxna, som redan har en yrkesgrundexamen eller h\u00f6gskoleexamen, och mot yrkes- och specialyrkesexamina samt yrkesgrundutbildning.<\/p>\n\n\n\n<p>Beslutet fr\u00e5n budgetramen f\u00f6rsv\u00e5rar s\u00e4rskilt f\u00f6r dem som vill byta karri\u00e4r och omskola sig. N\u00e4r arbetslivet f\u00f6rl\u00e4ngs kan det bli n\u00f6dv\u00e4ndigt f\u00f6r fler personer i arbetsf\u00f6r \u00e5lder att byta bransch och studera till ett nytt yrke. Det finns ofta legitima sk\u00e4l f\u00f6r att omskola sig: f\u00f6r\u00e4ndringar i arbetslivet, f\u00f6r\u00e5ldrad kompetens fr\u00e5n tidigare examen, arbetsl\u00f6shet, \u00f6nskan att arbeta inom ett mer motiverande omr\u00e5de, arbetsrelaterade skador eller sjukdomar.<\/p>\n\n\n\n<p>Cirka h\u00e4lften av f\u00f6retagens kompetensbehov riktas mot personer med yrkesexamen. N\u00e4r finansieringen minskas och m\u00f6jligheterna f\u00f6r arbetsf\u00f6ra att utveckla sina f\u00e4rdigheter begr\u00e4nsas, f\u00f6rsvagas ocks\u00e5 utbildningsanordnarnas f\u00f6rm\u00e5ga att svara p\u00e5 arbetslivets f\u00f6r\u00e4nderliga kompetensbehov.<\/p>\n\n\n\n<p>Yrkes- och specialyrkesexamina beh\u00f6ver s\u00e4rskilt ses som en v\u00e4g f\u00f6r dem som har en yrkesgrundexamen att h\u00f6ja sin kompetens- och utbildningsniv\u00e5. De \u00e4r ett kostnadseffektivt s\u00e4tt att bredda och f\u00f6rdjupa kompetensen j\u00e4mf\u00f6rt med h\u00f6gskoleexamina. Till skillnad fr\u00e5n h\u00f6gskoleexamina kan yrkes- och specialyrkesexamina ocks\u00e5 utf\u00f6ras som l\u00e4rlingsutbildning.<\/p>\n\n\n\n<p>Yrkesinriktad vuxenutbildning samt livsl\u00e5ngt l\u00e4rande beh\u00f6ver utvecklas f\u00f6r att b\u00e4ttre m\u00f6ta individens och arbetslivets f\u00f6r\u00e4ndrade behov. Utbildningssystemet beh\u00f6ver inte drivas i en riktning som begr\u00e4nsar eller utesluter m\u00f6jligheter att utveckla kompetenser p\u00e5 ett \u00e4ndam\u00e5lsenligt s\u00e4tt, oavsett tidigare utbildningsbakgrund.<\/p>\n\n\n\n<p>Helsingfors den 6.6.2024.<\/p>\n\n\n\n<p><em>Akava<\/em><em><br><\/em><em>Ammattiosaamisen kehitt\u00e4misyhdistys AMKE ry<\/em><em><br><\/em><em>Elinkeinoel\u00e4m\u00e4n keskusliitto EK<\/em><em><br><\/em><em>Elinkeinoel\u00e4m\u00e4n Oppilaitokset EOL ry<\/em><em><br><\/em><em>Finlands Svenska Skolungdomsf\u00f6rbund FSS rf<\/em><em><br><\/em><em>Kirkon ty\u00f6markkinalaitos<\/em><em><br><\/em><em>Kunta- ja hyvinvointialuety\u00f6nantajat KT<\/em><em><br><\/em><em>Maa- ja mets\u00e4taloustuottajien Keskusliitto MTK<\/em><em><br><\/em><em>Opetusalan Ammattij\u00e4rjest\u00f6 OAJ ry<\/em><em><br><\/em><em>Sivistysala ry<\/em><em><br><\/em><em>STTK ry<\/em><em><br><\/em><em>Suomen Ammattiin Opiskelevien Liitto \u2013 SAKKI<\/em><em><br><\/em><em>Suomen Ammattikoulutuksen Johtajat SAJO ry<\/em><em><br><\/em><em>Suomen Ammattiliittojen Keskusj\u00e4rjest\u00f6 SAK<\/em><em><br><\/em><em>Suomen Kuntaliitto<\/em><em><br><\/em><em>Suomen Opiskelija-Allianssi \u2013 OSKU ry<\/em><em><br><\/em><em>Suomen Yritt\u00e4j\u00e4t ry<\/em><\/p>\n","protected":false},"excerpt":{"rendered":"<p>Vi, organisationer som representerar yrkesutbildning samt arbets- och n\u00e4ringsliv, \u00e4r bekymrade \u00f6ver att m\u00f6jligheterna f\u00f6r den arbetsf\u00f6ra befolkningen att utveckla sina f\u00e4rdigheter minskar i samh\u00e4llet, s\u00e4rskilt inom den yrkesinriktade vuxenutbildningen. [&hellip;]<\/p>\n","protected":false},"author":2,"featured_media":0,"comment_status":"closed","ping_status":"open","sticky":false,"template":"","format":"standard","meta":{"_uag_custom_page_level_css":"","_EventAllDay":false,"_EventTimezone":"","_EventStartDate":"","_EventEndDate":"","_EventStartDateUTC":"","_EventEndDateUTC":"","_EventShowMap":false,"_EventShowMapLink":false,"_EventURL":"","_EventCost":"","_EventCostDescription":"","_EventCurrencySymbol":"","_EventCurrencyCode":"","_EventCurrencyPosition":"","_EventDateTimeSeparator":"","_EventTimeRangeSeparator":"","_EventOrganizerID":[],"_EventVenueID":[],"_OrganizerEmail":"","_OrganizerPhone":"","_OrganizerWebsite":"","_VenueAddress":"","_VenueCity":"","_VenueCountry":"","_VenueProvince":"","_VenueState":"","_VenueZip":"","_VenuePhone":"","_VenueURL":"","_VenueStateProvince":"","_VenueLat":"","_VenueLng":"","_VenueShowMap":false,"_VenueShowMapLink":false,"footnotes":""},"categories":[108],"tags":[],"class_list":["post-6871","post","type-post","status-publish","format-standard","hentry","category-pressmeddelande"],"uagb_featured_image_src":{"full":false,"thumbnail":false,"medium":false,"medium_large":false,"large":false,"1536x1536":false,"2048x2048":false,"mailpoet_newsletter_max":false},"uagb_author_info":{"display_name":"Skolungdom","author_link":"https:\/\/www.skolungdom.fi\/fi\/author\/skolungdom\/"},"uagb_comment_info":0,"uagb_excerpt":"Vi, organisationer som representerar yrkesutbildning samt arbets- och n\u00e4ringsliv, \u00e4r bekymrade \u00f6ver att m\u00f6jligheterna f\u00f6r den arbetsf\u00f6ra befolkningen att utveckla sina f\u00e4rdigheter minskar i samh\u00e4llet, s\u00e4rskilt inom den yrkesinriktade vuxenutbildningen. [&hellip;]","_links":{"self":[{"href":"https:\/\/www.skolungdom.fi\/fi\/wp-json\/wp\/v2\/posts\/6871","targetHints":{"allow":["GET"]}}],"collection":[{"href":"https:\/\/www.skolungdom.fi\/fi\/wp-json\/wp\/v2\/posts"}],"about":[{"href":"https:\/\/www.skolungdom.fi\/fi\/wp-json\/wp\/v2\/types\/post"}],"author":[{"embeddable":true,"href":"https:\/\/www.skolungdom.fi\/fi\/wp-json\/wp\/v2\/users\/2"}],"replies":[{"embeddable":true,"href":"https:\/\/www.skolungdom.fi\/fi\/wp-json\/wp\/v2\/comments?post=6871"}],"version-history":[{"count":0,"href":"https:\/\/www.skolungdom.fi\/fi\/wp-json\/wp\/v2\/posts\/6871\/revisions"}],"wp:attachment":[{"href":"https:\/\/www.skolungdom.fi\/fi\/wp-json\/wp\/v2\/media?parent=6871"}],"wp:term":[{"taxonomy":"category","embeddable":true,"href":"https:\/\/www.skolungdom.fi\/fi\/wp-json\/wp\/v2\/categories?post=6871"},{"taxonomy":"post_tag","embeddable":true,"href":"https:\/\/www.skolungdom.fi\/fi\/wp-json\/wp\/v2\/tags?post=6871"}],"curies":[{"name":"wp","href":"https:\/\/api.w.org\/{rel}","templated":true}]}}