{"id":9326,"date":"2024-09-12T16:17:24","date_gmt":"2024-09-12T13:17:24","guid":{"rendered":"https:\/\/www.skolungdom.fi\/?p=9326"},"modified":"2025-02-04T12:29:21","modified_gmt":"2025-02-04T10:29:21","slug":"pressmeddelande-skadan-blir-enorm-nar-regeringen-skar-ner-med-120-miljoner-inom-yrkesutbildningen","status":"publish","type":"post","link":"https:\/\/www.skolungdom.fi\/fi\/pressmeddelande-skadan-blir-enorm-nar-regeringen-skar-ner-med-120-miljoner-inom-yrkesutbildningen\/","title":{"rendered":"Pressmeddelande: Skadan blir enorm n\u00e4r regeringen sk\u00e4r ner med 120 miljoner inom yrkesutbildningen"},"content":{"rendered":"\n<p>Regeringens beslut om nedsk\u00e4rningarna p\u00e5 120 miljoner inom yrkesutbildningen kommer f\u00e5 stora negativa konsekvenser. N\u00e4r m\u00f6jligheterna att minska p\u00e5 de fasta kostnader som hyror och material \u00e4r mycket begr\u00e4nsade, kommer man bli tvungna att tumma p\u00e5 utbudet och kvalit\u00e9n.<br>\u2013 I praktiken talar vi om st\u00f6rre undervisningsgrupper, mindre individuell handledning och \u00e5terkommande permitteringshot. Risken \u00e4r ocks\u00e5 att utbildningar tvingas l\u00e4gga ner, s\u00e4ger&nbsp;<strong>Inger Damlin<\/strong>, ordf\u00f6rande f\u00f6r Finlands svenska l\u00e4rarf\u00f6rbund.<\/p>\n\n\n\n<p>Att h\u00e4vda att de aktuella inbesparingarna inte skulle drabba de l\u00e4ropliktiga som tar sin f\u00f6rsta examen, st\u00e4mmer inte.<br>\u2013 Ser vi till yrkesutbildningen p\u00e5 svenska har vi n\u00e5gra f\u00e5 akt\u00f6rer och flera av dem har en integrerad verksamhet. Undervisningen \u00e4r ofta organiserad s\u00e5 att det sitter b\u00e5de unga och vuxna i b\u00e4nkraderna samtidigt. Inbesparingarna kommer ob\u00f6nh\u00f6rligen att drabba alla, s\u00e4ger Damlin.<\/p>\n\n\n\n<p><strong>Yrkesutbildningen blir mindre attraktiv<\/strong><br>L\u00e4rartj\u00e4nsterna inom yrkesutbildning \u00e4r hotade. Enligt l\u00e4rarfacket&nbsp;<a href=\"https:\/\/www.oaj.fi\/ajankohtaista\/blogiartikkelit\/OAJ-blogi\/2024\/mita-ammatillisen-koulutuksen-120-miljoonan-euron-leikkaus-tarkoittaa-kaytannossa\/\">OAJ:s kalkyler<\/a>&nbsp;skulle nedsk\u00e4rningen kunna inneb\u00e4ra en minskning med cirka 1600 l\u00e4rare. Det h\u00e4r leder till att andelen sj\u00e4lvstudier \u00f6kar.<br>Med tanke p\u00e5 att st\u00f6dbehovet inom yrkesutbildningen har \u00f6kat markant, \u00e4r b\u00e5de FSL och FSS uppr\u00f6rda.<br>\u2013 Studerande inom yrkesutbildningen lyfter konstant fram hur viktigt det \u00e4r att f\u00e5 tillr\u00e4ckligt med individuell hj\u00e4lp och st\u00f6d. Samtidigt v\u00e4cks oro \u00f6ver att resurserna inte r\u00e4cker till inom yrkesutbildningen. Hur kan man d\u00e5 motivera ytterligare nedsk\u00e4rningar n\u00e4r det redan finns en begr\u00e4nsad m\u00e4ngd resurser? s\u00e4ger&nbsp;<strong>Niko Partanen<\/strong>, ordf\u00f6rande f\u00f6r Finlands Svenska Skolungdomsf\u00f6rbund.<br>Att sk\u00e4ra ner p\u00e5 yrkesutbildningen, s\u00e4rskilt n\u00e4r det g\u00e4ller l\u00e4rare som ger individuellt st\u00f6d, kan f\u00e5 konsekvenser f\u00f6r ungas h\u00e4lsa och l\u00e4rande.<br>\u2013 Vi unga beh\u00f6ver individuellt st\u00f6d f\u00f6r att l\u00e4ra oss, s\u00e4rskilt i yrkesutbildningar d\u00e4r praktiskt l\u00e4rande \u00e4r centralt, eftersom vi beh\u00f6ver v\u00e4gledning f\u00f6r att l\u00e4ra oss specifika f\u00e4rdigheter och tekniker. Att sk\u00e4ra ner p\u00e5 individuellt st\u00f6d kan ocks\u00e5 p\u00e5verka ungas h\u00e4lsa negativt; en ung person beh\u00f6ver uppm\u00e4rksamhet fr\u00e5n en trygg vuxen. Om allt sker p\u00e5 distans, vem kan d\u00e5 den unga personen f\u00e5 hj\u00e4lp av? Allt det h\u00e4r kan ocks\u00e5 g\u00f6ra yrkesutbildningar mindre attraktiva f\u00f6r framtida s\u00f6kande, s\u00e4ger Partanen.<br><strong>Christoffer Wiik<\/strong>, l\u00e4rare p\u00e5 Axxell, misst\u00e4nker att nedsk\u00e4rningarna leder till att fler avbryter studierna och att illam\u00e5endet i samh\u00e4llet \u00f6kar.<br>\u2013 G\u00e4ller det l\u00e4ropliktiga som inte klarar av studierna blir det inte billigare utan kostnaden flyttar och det beh\u00f6vs mer pengar f\u00f6r att f\u00e5 studerandena integrerade i samh\u00e4llet p\u00e5 ett bra s\u00e4tt.<\/p>\n\n\n\n<p><strong>Yrkesutbildningen kan inte m\u00f6ta samh\u00e4llets behov<\/strong><br>Nedsk\u00e4rningarna leder till att yrkesutbildningen f\u00e5r allt sv\u00e5rare att m\u00f6ta samh\u00e4llets behov av yrkesskicklig arbetskraft. Arbetstagarnas m\u00f6jligheter till kompetensutveckling och branschbyte f\u00f6rs\u00e4mras, vilket \u00e4r bekymmersamt f\u00f6r individen och hela v\u00e4lf\u00e4rdssamh\u00e4llet.<br>Finland beh\u00f6ver yrkesskickliga som kan uppr\u00e4tth\u00e5lla v\u00e4lf\u00e4rden och servicen ocks\u00e5 p\u00e5 svenska i framtiden.<br>\u2013 Med tanke p\u00e5 det v\u00e4xande behovet av arbetskraft \u00e4r det ofattbart att regeringen \u00e5ter \u00e4n g\u00e5ng minskar p\u00e5 finansieringen av yrkesutbildningen. Finland beh\u00f6ver investeringar inom utbildningen f\u00f6r att trygga v\u00e4lf\u00e4rden och skapa ekonomisk tillv\u00e4xt. Regeringen saknar en tro p\u00e5 utbildningens kraft, s\u00e4ger Damlin.<\/p>\n\n\n\n<p><strong>Nedsk\u00e4rningar samtidigt som stora reformer<\/strong><br>Flera stora reformer som ber\u00f6r b\u00e5de finansieringsmodellen och st\u00f6dsystemet \u00e4r p\u00e5 kommande inom yrkesutbildningen samtidigt som man genomf\u00f6r omfattande nedsk\u00e4rningar. FSL ifr\u00e5gas\u00e4tter om beslutsfattarna gjort en tillr\u00e4cklig konsekvensbed\u00f6mning g\u00e4llande yrkesutbildningen.<br>\u2013 Erfarenheten s\u00e4ger att n\u00e4r de ekonomiska utsikterna \u00e4r os\u00e4kra riskerar det att leda till ytterligare nedsk\u00e4rningar eller \u00e5terh\u00e5llsamhet i n\u00f6dv\u00e4ndiga investeringar hos anordnarna av utbildning, s\u00e4ger&nbsp;<strong>Pocke Wikstr\u00f6m<\/strong>, f\u00f6rbundssekreterare p\u00e5 FSL.<\/p>\n\n\n\n<p><strong>Ta kontakt<\/strong><br>Inger Damlin, ordf\u00f6rande f\u00f6r FSL<br><a href=\"mailto:inger.damlin@fsl.fi\">inger.damlin@fsl.fi<\/a><br>tfn 040 089 7300<\/p>\n\n\n\n<p>Niko Partanen, ordf\u00f6rande f\u00f6r FSS<br><a href=\"mailto:niko.partanen@skolungdom.fi\">niko.partanen@skolungdom.fi<\/a><br>tfn 045 844 4660<\/p>\n\n\n\n<p><\/p>\n","protected":false},"excerpt":{"rendered":"<p>I \u00f6ver 10 \u00e5r har yrkesutbildningen f\u00e5tt utst\u00e5 stora nedsk\u00e4rningar och i och med regeringens senaste beslut dras sv\u00e5ngremmen \u00e5t \u00e4n en g\u00e5ng. Vi kommer h\u00f6gst troligen se utbildningar som l\u00e4ggs ner, l\u00e4rarjobb som dras in och allt f\u00e4rre timmar undervisning. Finlands svenska l\u00e4rarf\u00f6rbund (FSL) och Finlands Svenska Skolungdomsf\u00f6rbund (FSS) delar en stor oro f\u00f6r yrkesutbildningens framtid.<\/p>\n","protected":false},"author":2,"featured_media":9327,"comment_status":"closed","ping_status":"closed","sticky":false,"template":"","format":"standard","meta":{"_uag_custom_page_level_css":"","_EventAllDay":false,"_EventTimezone":"","_EventStartDate":"","_EventEndDate":"","_EventStartDateUTC":"","_EventEndDateUTC":"","_EventShowMap":false,"_EventShowMapLink":false,"_EventURL":"","_EventCost":"","_EventCostDescription":"","_EventCurrencySymbol":"","_EventCurrencyCode":"","_EventCurrencyPosition":"","_EventDateTimeSeparator":"","_EventTimeRangeSeparator":"","_EventOrganizerID":[],"_EventVenueID":[],"_OrganizerEmail":"","_OrganizerPhone":"","_OrganizerWebsite":"","_VenueAddress":"","_VenueCity":"","_VenueCountry":"","_VenueProvince":"","_VenueState":"","_VenueZip":"","_VenuePhone":"","_VenueURL":"","_VenueStateProvince":"","_VenueLat":"","_VenueLng":"","_VenueShowMap":false,"_VenueShowMapLink":false,"footnotes":""},"categories":[1,108],"tags":[730],"class_list":["post-9326","post","type-post","status-publish","format-standard","has-post-thumbnail","hentry","category-okategoriserad","category-pressmeddelande","tag-pressmeddelande"],"uagb_featured_image_src":{"full":["https:\/\/www.skolungdom.fi\/wp-content\/uploads\/2024\/09\/FSS_FSL-pressmeddelande-yrkesutbildning-banner.png",1920,1080,false],"thumbnail":["https:\/\/www.skolungdom.fi\/wp-content\/uploads\/2024\/09\/FSS_FSL-pressmeddelande-yrkesutbildning-banner-150x150.png",150,150,true],"medium":["https:\/\/www.skolungdom.fi\/wp-content\/uploads\/2024\/09\/FSS_FSL-pressmeddelande-yrkesutbildning-banner-300x169.png",300,169,true],"medium_large":["https:\/\/www.skolungdom.fi\/wp-content\/uploads\/2024\/09\/FSS_FSL-pressmeddelande-yrkesutbildning-banner-768x432.png",768,432,true],"large":["https:\/\/www.skolungdom.fi\/wp-content\/uploads\/2024\/09\/FSS_FSL-pressmeddelande-yrkesutbildning-banner-1024x576.png",1024,576,true],"1536x1536":["https:\/\/www.skolungdom.fi\/wp-content\/uploads\/2024\/09\/FSS_FSL-pressmeddelande-yrkesutbildning-banner-1536x864.png",1536,864,true],"2048x2048":["https:\/\/www.skolungdom.fi\/wp-content\/uploads\/2024\/09\/FSS_FSL-pressmeddelande-yrkesutbildning-banner.png",1920,1080,false],"mailpoet_newsletter_max":["https:\/\/www.skolungdom.fi\/wp-content\/uploads\/2024\/09\/FSS_FSL-pressmeddelande-yrkesutbildning-banner-1320x743.png",1320,743,true]},"uagb_author_info":{"display_name":"Skolungdom","author_link":"https:\/\/www.skolungdom.fi\/fi\/author\/skolungdom\/"},"uagb_comment_info":0,"uagb_excerpt":"I \u00f6ver 10 \u00e5r har yrkesutbildningen f\u00e5tt utst\u00e5 stora nedsk\u00e4rningar och i och med regeringens senaste beslut dras sv\u00e5ngremmen \u00e5t \u00e4n en g\u00e5ng. Vi kommer h\u00f6gst troligen se utbildningar som l\u00e4ggs ner, l\u00e4rarjobb som dras in och allt f\u00e4rre timmar undervisning. Finlands svenska l\u00e4rarf\u00f6rbund (FSL) och Finlands Svenska Skolungdomsf\u00f6rbund (FSS) delar en stor oro f\u00f6r&hellip;","_links":{"self":[{"href":"https:\/\/www.skolungdom.fi\/fi\/wp-json\/wp\/v2\/posts\/9326","targetHints":{"allow":["GET"]}}],"collection":[{"href":"https:\/\/www.skolungdom.fi\/fi\/wp-json\/wp\/v2\/posts"}],"about":[{"href":"https:\/\/www.skolungdom.fi\/fi\/wp-json\/wp\/v2\/types\/post"}],"author":[{"embeddable":true,"href":"https:\/\/www.skolungdom.fi\/fi\/wp-json\/wp\/v2\/users\/2"}],"replies":[{"embeddable":true,"href":"https:\/\/www.skolungdom.fi\/fi\/wp-json\/wp\/v2\/comments?post=9326"}],"version-history":[{"count":2,"href":"https:\/\/www.skolungdom.fi\/fi\/wp-json\/wp\/v2\/posts\/9326\/revisions"}],"predecessor-version":[{"id":9331,"href":"https:\/\/www.skolungdom.fi\/fi\/wp-json\/wp\/v2\/posts\/9326\/revisions\/9331"}],"wp:featuredmedia":[{"embeddable":true,"href":"https:\/\/www.skolungdom.fi\/fi\/wp-json\/wp\/v2\/media\/9327"}],"wp:attachment":[{"href":"https:\/\/www.skolungdom.fi\/fi\/wp-json\/wp\/v2\/media?parent=9326"}],"wp:term":[{"taxonomy":"category","embeddable":true,"href":"https:\/\/www.skolungdom.fi\/fi\/wp-json\/wp\/v2\/categories?post=9326"},{"taxonomy":"post_tag","embeddable":true,"href":"https:\/\/www.skolungdom.fi\/fi\/wp-json\/wp\/v2\/tags?post=9326"}],"curies":[{"name":"wp","href":"https:\/\/api.w.org\/{rel}","templated":true}]}}